{"id":3443,"date":"2021-04-14T13:40:59","date_gmt":"2021-04-14T17:40:59","guid":{"rendered":"https:\/\/popefranciscenter.org\/el-centro-papa-francisco-recibe-7-millones-de-dolares-para-un-plan-para-acabar-con-la-falta-de-vivienda-cronica-en-detroit\/"},"modified":"2021-04-14T13:40:59","modified_gmt":"2021-04-14T17:40:59","slug":"el-centro-papa-francisco-recibe-7-millones-de-dolares-para-un-plan-para-acabar-con-la-falta-de-vivienda-cronica-en-detroit","status":"publish","type":"post","link":"https:\/\/popefranciscenter.org\/es\/el-centro-papa-francisco-recibe-7-millones-de-dolares-para-un-plan-para-acabar-con-la-falta-de-vivienda-cronica-en-detroit\/","title":{"rendered":"El Centro Papa Francisco recibe 7 millones de d\u00f3lares para un plan para acabar con la falta de vivienda cr\u00f3nica en Detroit"},"content":{"rendered":"","protected":false},"excerpt":{"rendered":"<p>El Centro Papa Francisco est\u00e1 un paso m\u00e1s cerca de sus planes para construir un nuevo centro de alojamiento en Detroit para ayudar a la poblaci\u00f3n sin hogar de la ciudad gracias a una donaci\u00f3n de 7 millones de d\u00f3lares por parte de la Fundaci\u00f3n Julia Burke.<\/p>\n","protected":false},"author":10,"featured_media":2939,"comment_status":"closed","ping_status":"open","sticky":false,"template":"","format":"standard","meta":{"footnotes":""},"categories":[40],"tags":[],"class_list":["post-3443","post","type-post","status-publish","format-standard","has-post-thumbnail","hentry","category-en-las-noticias"],"yoast_head":"<!-- This site is optimized with the Yoast SEO plugin v27.4 - https:\/\/yoast.com\/product\/yoast-seo-wordpress\/ -->\n<title>El Centro Papa Francisco recibe 7 millones de d\u00f3lares para un plan para acabar con la falta de vivienda cr\u00f3nica en Detroit - Pope Francis Center<\/title>\n<meta name=\"robots\" content=\"index, follow, max-snippet:-1, max-image-preview:large, max-video-preview:-1\" \/>\n<link rel=\"canonical\" href=\"https:\/\/popefranciscenter.org\/es\/el-centro-papa-francisco-recibe-7-millones-de-dolares-para-un-plan-para-acabar-con-la-falta-de-vivienda-cronica-en-detroit\/\" \/>\n<meta property=\"og:locale\" content=\"es_ES\" \/>\n<meta property=\"og:type\" content=\"article\" \/>\n<meta property=\"og:title\" content=\"El Centro Papa Francisco recibe 7 millones de d\u00f3lares para un plan para acabar con la falta de vivienda cr\u00f3nica en Detroit - Pope Francis Center\" \/>\n<meta property=\"og:description\" content=\"El Centro Papa Francisco est\u00e1 un paso m\u00e1s cerca de sus planes para construir un nuevo centro de alojamiento en Detroit para ayudar a la poblaci\u00f3n sin hogar de la ciudad gracias a una donaci\u00f3n de 7 millones de d\u00f3lares por parte de la Fundaci\u00f3n Julia Burke.\" \/>\n<meta property=\"og:url\" content=\"https:\/\/popefranciscenter.org\/es\/el-centro-papa-francisco-recibe-7-millones-de-dolares-para-un-plan-para-acabar-con-la-falta-de-vivienda-cronica-en-detroit\/\" \/>\n<meta property=\"og:site_name\" content=\"Pope Francis Center\" \/>\n<meta property=\"article:publisher\" content=\"https:\/\/www.facebook.com\/popefranciscenter\" \/>\n<meta property=\"article:published_time\" content=\"2021-04-14T17:40:59+00:00\" \/>\n<meta property=\"og:image\" content=\"https:\/\/popefranciscenter.org\/wp-content\/uploads\/2021\/04\/Detroit-News-1024x683.jpg\" \/>\n\t<meta property=\"og:image:width\" content=\"1024\" \/>\n\t<meta property=\"og:image:height\" content=\"683\" \/>\n\t<meta property=\"og:image:type\" content=\"image\/jpeg\" \/>\n<meta name=\"author\" content=\"Carmen Szurpicki\" \/>\n<meta name=\"twitter:card\" content=\"summary_large_image\" \/>\n<meta name=\"twitter:label1\" content=\"Written by\" \/>\n\t<meta name=\"twitter:data1\" content=\"Carmen Szurpicki\" \/>\n<script type=\"application\/ld+json\" class=\"yoast-schema-graph\">{\"@context\":\"https:\\\/\\\/schema.org\",\"@graph\":[{\"@type\":\"Article\",\"@id\":\"https:\\\/\\\/popefranciscenter.org\\\/es\\\/el-centro-papa-francisco-recibe-7-millones-de-dolares-para-un-plan-para-acabar-con-la-falta-de-vivienda-cronica-en-detroit\\\/#article\",\"isPartOf\":{\"@id\":\"https:\\\/\\\/popefranciscenter.org\\\/es\\\/el-centro-papa-francisco-recibe-7-millones-de-dolares-para-un-plan-para-acabar-con-la-falta-de-vivienda-cronica-en-detroit\\\/\"},\"author\":{\"name\":\"Carmen Szurpicki\",\"@id\":\"https:\\\/\\\/popefranciscenter.org\\\/es\\\/#\\\/schema\\\/person\\\/8df460fb26db9e1424f2ad2a8fa00b28\"},\"headline\":\"El Centro Papa Francisco recibe 7 millones de d\u00f3lares para un plan para acabar con la falta de vivienda cr\u00f3nica en Detroit\",\"datePublished\":\"2021-04-14T17:40:59+00:00\",\"mainEntityOfPage\":{\"@id\":\"https:\\\/\\\/popefranciscenter.org\\\/es\\\/el-centro-papa-francisco-recibe-7-millones-de-dolares-para-un-plan-para-acabar-con-la-falta-de-vivienda-cronica-en-detroit\\\/\"},\"wordCount\":23,\"publisher\":{\"@id\":\"https:\\\/\\\/popefranciscenter.org\\\/es\\\/#organization\"},\"image\":{\"@id\":\"https:\\\/\\\/popefranciscenter.org\\\/es\\\/el-centro-papa-francisco-recibe-7-millones-de-dolares-para-un-plan-para-acabar-con-la-falta-de-vivienda-cronica-en-detroit\\\/#primaryimage\"},\"thumbnailUrl\":\"https:\\\/\\\/popefranciscenter.org\\\/wp-content\\\/uploads\\\/2021\\\/04\\\/Detroit-News.webp\",\"articleSection\":[\"En las noticias\"],\"inLanguage\":\"es\"},{\"@type\":\"WebPage\",\"@id\":\"https:\\\/\\\/popefranciscenter.org\\\/es\\\/el-centro-papa-francisco-recibe-7-millones-de-dolares-para-un-plan-para-acabar-con-la-falta-de-vivienda-cronica-en-detroit\\\/\",\"url\":\"https:\\\/\\\/popefranciscenter.org\\\/es\\\/el-centro-papa-francisco-recibe-7-millones-de-dolares-para-un-plan-para-acabar-con-la-falta-de-vivienda-cronica-en-detroit\\\/\",\"name\":\"El Centro Papa Francisco recibe 7 millones de d\u00f3lares para un plan para acabar con la falta de vivienda cr\u00f3nica en Detroit - Pope Francis Center\",\"isPartOf\":{\"@id\":\"https:\\\/\\\/popefranciscenter.org\\\/es\\\/#website\"},\"primaryImageOfPage\":{\"@id\":\"https:\\\/\\\/popefranciscenter.org\\\/es\\\/el-centro-papa-francisco-recibe-7-millones-de-dolares-para-un-plan-para-acabar-con-la-falta-de-vivienda-cronica-en-detroit\\\/#primaryimage\"},\"image\":{\"@id\":\"https:\\\/\\\/popefranciscenter.org\\\/es\\\/el-centro-papa-francisco-recibe-7-millones-de-dolares-para-un-plan-para-acabar-con-la-falta-de-vivienda-cronica-en-detroit\\\/#primaryimage\"},\"thumbnailUrl\":\"https:\\\/\\\/popefranciscenter.org\\\/wp-content\\\/uploads\\\/2021\\\/04\\\/Detroit-News.webp\",\"datePublished\":\"2021-04-14T17:40:59+00:00\",\"breadcrumb\":{\"@id\":\"https:\\\/\\\/popefranciscenter.org\\\/es\\\/el-centro-papa-francisco-recibe-7-millones-de-dolares-para-un-plan-para-acabar-con-la-falta-de-vivienda-cronica-en-detroit\\\/#breadcrumb\"},\"inLanguage\":\"es\",\"potentialAction\":[{\"@type\":\"ReadAction\",\"target\":[\"https:\\\/\\\/popefranciscenter.org\\\/es\\\/el-centro-papa-francisco-recibe-7-millones-de-dolares-para-un-plan-para-acabar-con-la-falta-de-vivienda-cronica-en-detroit\\\/\"]}]},{\"@type\":\"ImageObject\",\"inLanguage\":\"es\",\"@id\":\"https:\\\/\\\/popefranciscenter.org\\\/es\\\/el-centro-papa-francisco-recibe-7-millones-de-dolares-para-un-plan-para-acabar-con-la-falta-de-vivienda-cronica-en-detroit\\\/#primaryimage\",\"url\":\"https:\\\/\\\/popefranciscenter.org\\\/wp-content\\\/uploads\\\/2021\\\/04\\\/Detroit-News.webp\",\"contentUrl\":\"https:\\\/\\\/popefranciscenter.org\\\/wp-content\\\/uploads\\\/2021\\\/04\\\/Detroit-News.webp\",\"width\":1800,\"height\":1200},{\"@type\":\"BreadcrumbList\",\"@id\":\"https:\\\/\\\/popefranciscenter.org\\\/es\\\/el-centro-papa-francisco-recibe-7-millones-de-dolares-para-un-plan-para-acabar-con-la-falta-de-vivienda-cronica-en-detroit\\\/#breadcrumb\",\"itemListElement\":[{\"@type\":\"ListItem\",\"position\":1,\"name\":\"Home\",\"item\":\"https:\\\/\\\/popefranciscenter.org\\\/es\\\/\"},{\"@type\":\"ListItem\",\"position\":2,\"name\":\"El Centro Papa Francisco recibe 7 millones de d\u00f3lares para un plan para acabar con la falta de vivienda cr\u00f3nica en Detroit\"}]},{\"@type\":\"WebSite\",\"@id\":\"https:\\\/\\\/popefranciscenter.org\\\/es\\\/#website\",\"url\":\"https:\\\/\\\/popefranciscenter.org\\\/es\\\/\",\"name\":\"Pope Francis Center\",\"description\":\"Feeding. Serving. Empowering.\",\"publisher\":{\"@id\":\"https:\\\/\\\/popefranciscenter.org\\\/es\\\/#organization\"},\"potentialAction\":[{\"@type\":\"SearchAction\",\"target\":{\"@type\":\"EntryPoint\",\"urlTemplate\":\"https:\\\/\\\/popefranciscenter.org\\\/es\\\/?s={search_term_string}\"},\"query-input\":{\"@type\":\"PropertyValueSpecification\",\"valueRequired\":true,\"valueName\":\"search_term_string\"}}],\"inLanguage\":\"es\"},{\"@type\":\"Organization\",\"@id\":\"https:\\\/\\\/popefranciscenter.org\\\/es\\\/#organization\",\"name\":\"Centro Papa Francisco\",\"url\":\"https:\\\/\\\/popefranciscenter.org\\\/es\\\/\",\"logo\":{\"@type\":\"ImageObject\",\"inLanguage\":\"es\",\"@id\":\"https:\\\/\\\/popefranciscenter.org\\\/es\\\/#\\\/schema\\\/logo\\\/image\\\/\",\"url\":\"https:\\\/\\\/popefranciscenter.org\\\/wp-content\\\/uploads\\\/2025\\\/02\\\/PFC-Logo-Color.png\",\"contentUrl\":\"https:\\\/\\\/popefranciscenter.org\\\/wp-content\\\/uploads\\\/2025\\\/02\\\/PFC-Logo-Color.png\",\"width\":600,\"height\":378,\"caption\":\"Centro Papa Francisco\"},\"image\":{\"@id\":\"https:\\\/\\\/popefranciscenter.org\\\/es\\\/#\\\/schema\\\/logo\\\/image\\\/\"},\"sameAs\":[\"https:\\\/\\\/www.facebook.com\\\/popefranciscenter\",\"https:\\\/\\\/www.instagram.com\\\/popefranciscenter\\\/\",\"https:\\\/\\\/www.youtube.com\\\/@popefranciscenter\\\/\",\"https:\\\/\\\/www.linkedin.com\\\/company\\\/pope-francis-center\\\/\"]},{\"@type\":\"Person\",\"@id\":\"https:\\\/\\\/popefranciscenter.org\\\/es\\\/#\\\/schema\\\/person\\\/8df460fb26db9e1424f2ad2a8fa00b28\",\"name\":\"Carmen Szurpicki\",\"url\":\"https:\\\/\\\/popefranciscenter.org\\\/es\\\/author\\\/carmen\\\/\"}]}<\/script>\n<!-- \/ Yoast SEO plugin. -->","yoast_head_json":{"title":"El Centro Papa Francisco recibe 7 millones de d\u00f3lares para un plan para acabar con la falta de vivienda cr\u00f3nica en Detroit - Pope Francis Center","robots":{"index":"index","follow":"follow","max-snippet":"max-snippet:-1","max-image-preview":"max-image-preview:large","max-video-preview":"max-video-preview:-1"},"canonical":"https:\/\/popefranciscenter.org\/es\/el-centro-papa-francisco-recibe-7-millones-de-dolares-para-un-plan-para-acabar-con-la-falta-de-vivienda-cronica-en-detroit\/","og_locale":"es_ES","og_type":"article","og_title":"El Centro Papa Francisco recibe 7 millones de d\u00f3lares para un plan para acabar con la falta de vivienda cr\u00f3nica en Detroit - Pope Francis Center","og_description":"El Centro Papa Francisco est\u00e1 un paso m\u00e1s cerca de sus planes para construir un nuevo centro de alojamiento en Detroit para ayudar a la poblaci\u00f3n sin hogar de la ciudad gracias a una donaci\u00f3n de 7 millones de d\u00f3lares por parte de la Fundaci\u00f3n Julia Burke.","og_url":"https:\/\/popefranciscenter.org\/es\/el-centro-papa-francisco-recibe-7-millones-de-dolares-para-un-plan-para-acabar-con-la-falta-de-vivienda-cronica-en-detroit\/","og_site_name":"Pope Francis Center","article_publisher":"https:\/\/www.facebook.com\/popefranciscenter","article_published_time":"2021-04-14T17:40:59+00:00","og_image":[{"width":1024,"height":683,"url":"https:\/\/popefranciscenter.org\/wp-content\/uploads\/2021\/04\/Detroit-News-1024x683.jpg","type":"image\/jpeg"}],"author":"Carmen Szurpicki","twitter_card":"summary_large_image","twitter_misc":{"Written by":"Carmen Szurpicki"},"schema":{"@context":"https:\/\/schema.org","@graph":[{"@type":"Article","@id":"https:\/\/popefranciscenter.org\/es\/el-centro-papa-francisco-recibe-7-millones-de-dolares-para-un-plan-para-acabar-con-la-falta-de-vivienda-cronica-en-detroit\/#article","isPartOf":{"@id":"https:\/\/popefranciscenter.org\/es\/el-centro-papa-francisco-recibe-7-millones-de-dolares-para-un-plan-para-acabar-con-la-falta-de-vivienda-cronica-en-detroit\/"},"author":{"name":"Carmen Szurpicki","@id":"https:\/\/popefranciscenter.org\/es\/#\/schema\/person\/8df460fb26db9e1424f2ad2a8fa00b28"},"headline":"El Centro Papa Francisco recibe 7 millones de d\u00f3lares para un plan para acabar con la falta de vivienda cr\u00f3nica en Detroit","datePublished":"2021-04-14T17:40:59+00:00","mainEntityOfPage":{"@id":"https:\/\/popefranciscenter.org\/es\/el-centro-papa-francisco-recibe-7-millones-de-dolares-para-un-plan-para-acabar-con-la-falta-de-vivienda-cronica-en-detroit\/"},"wordCount":23,"publisher":{"@id":"https:\/\/popefranciscenter.org\/es\/#organization"},"image":{"@id":"https:\/\/popefranciscenter.org\/es\/el-centro-papa-francisco-recibe-7-millones-de-dolares-para-un-plan-para-acabar-con-la-falta-de-vivienda-cronica-en-detroit\/#primaryimage"},"thumbnailUrl":"https:\/\/popefranciscenter.org\/wp-content\/uploads\/2021\/04\/Detroit-News.webp","articleSection":["En las noticias"],"inLanguage":"es"},{"@type":"WebPage","@id":"https:\/\/popefranciscenter.org\/es\/el-centro-papa-francisco-recibe-7-millones-de-dolares-para-un-plan-para-acabar-con-la-falta-de-vivienda-cronica-en-detroit\/","url":"https:\/\/popefranciscenter.org\/es\/el-centro-papa-francisco-recibe-7-millones-de-dolares-para-un-plan-para-acabar-con-la-falta-de-vivienda-cronica-en-detroit\/","name":"El Centro Papa Francisco recibe 7 millones de d\u00f3lares para un plan para acabar con la falta de vivienda cr\u00f3nica en Detroit - Pope Francis Center","isPartOf":{"@id":"https:\/\/popefranciscenter.org\/es\/#website"},"primaryImageOfPage":{"@id":"https:\/\/popefranciscenter.org\/es\/el-centro-papa-francisco-recibe-7-millones-de-dolares-para-un-plan-para-acabar-con-la-falta-de-vivienda-cronica-en-detroit\/#primaryimage"},"image":{"@id":"https:\/\/popefranciscenter.org\/es\/el-centro-papa-francisco-recibe-7-millones-de-dolares-para-un-plan-para-acabar-con-la-falta-de-vivienda-cronica-en-detroit\/#primaryimage"},"thumbnailUrl":"https:\/\/popefranciscenter.org\/wp-content\/uploads\/2021\/04\/Detroit-News.webp","datePublished":"2021-04-14T17:40:59+00:00","breadcrumb":{"@id":"https:\/\/popefranciscenter.org\/es\/el-centro-papa-francisco-recibe-7-millones-de-dolares-para-un-plan-para-acabar-con-la-falta-de-vivienda-cronica-en-detroit\/#breadcrumb"},"inLanguage":"es","potentialAction":[{"@type":"ReadAction","target":["https:\/\/popefranciscenter.org\/es\/el-centro-papa-francisco-recibe-7-millones-de-dolares-para-un-plan-para-acabar-con-la-falta-de-vivienda-cronica-en-detroit\/"]}]},{"@type":"ImageObject","inLanguage":"es","@id":"https:\/\/popefranciscenter.org\/es\/el-centro-papa-francisco-recibe-7-millones-de-dolares-para-un-plan-para-acabar-con-la-falta-de-vivienda-cronica-en-detroit\/#primaryimage","url":"https:\/\/popefranciscenter.org\/wp-content\/uploads\/2021\/04\/Detroit-News.webp","contentUrl":"https:\/\/popefranciscenter.org\/wp-content\/uploads\/2021\/04\/Detroit-News.webp","width":1800,"height":1200},{"@type":"BreadcrumbList","@id":"https:\/\/popefranciscenter.org\/es\/el-centro-papa-francisco-recibe-7-millones-de-dolares-para-un-plan-para-acabar-con-la-falta-de-vivienda-cronica-en-detroit\/#breadcrumb","itemListElement":[{"@type":"ListItem","position":1,"name":"Home","item":"https:\/\/popefranciscenter.org\/es\/"},{"@type":"ListItem","position":2,"name":"El Centro Papa Francisco recibe 7 millones de d\u00f3lares para un plan para acabar con la falta de vivienda cr\u00f3nica en Detroit"}]},{"@type":"WebSite","@id":"https:\/\/popefranciscenter.org\/es\/#website","url":"https:\/\/popefranciscenter.org\/es\/","name":"Pope Francis Center","description":"Feeding. Serving. Empowering.","publisher":{"@id":"https:\/\/popefranciscenter.org\/es\/#organization"},"potentialAction":[{"@type":"SearchAction","target":{"@type":"EntryPoint","urlTemplate":"https:\/\/popefranciscenter.org\/es\/?s={search_term_string}"},"query-input":{"@type":"PropertyValueSpecification","valueRequired":true,"valueName":"search_term_string"}}],"inLanguage":"es"},{"@type":"Organization","@id":"https:\/\/popefranciscenter.org\/es\/#organization","name":"Centro Papa Francisco","url":"https:\/\/popefranciscenter.org\/es\/","logo":{"@type":"ImageObject","inLanguage":"es","@id":"https:\/\/popefranciscenter.org\/es\/#\/schema\/logo\/image\/","url":"https:\/\/popefranciscenter.org\/wp-content\/uploads\/2025\/02\/PFC-Logo-Color.png","contentUrl":"https:\/\/popefranciscenter.org\/wp-content\/uploads\/2025\/02\/PFC-Logo-Color.png","width":600,"height":378,"caption":"Centro Papa Francisco"},"image":{"@id":"https:\/\/popefranciscenter.org\/es\/#\/schema\/logo\/image\/"},"sameAs":["https:\/\/www.facebook.com\/popefranciscenter","https:\/\/www.instagram.com\/popefranciscenter\/","https:\/\/www.youtube.com\/@popefranciscenter\/","https:\/\/www.linkedin.com\/company\/pope-francis-center\/"]},{"@type":"Person","@id":"https:\/\/popefranciscenter.org\/es\/#\/schema\/person\/8df460fb26db9e1424f2ad2a8fa00b28","name":"Carmen Szurpicki","url":"https:\/\/popefranciscenter.org\/es\/author\/carmen\/"}]}},"_links":{"self":[{"href":"https:\/\/popefranciscenter.org\/es\/wp-json\/wp\/v2\/posts\/3443","targetHints":{"allow":["GET"]}}],"collection":[{"href":"https:\/\/popefranciscenter.org\/es\/wp-json\/wp\/v2\/posts"}],"about":[{"href":"https:\/\/popefranciscenter.org\/es\/wp-json\/wp\/v2\/types\/post"}],"author":[{"embeddable":true,"href":"https:\/\/popefranciscenter.org\/es\/wp-json\/wp\/v2\/users\/10"}],"replies":[{"embeddable":true,"href":"https:\/\/popefranciscenter.org\/es\/wp-json\/wp\/v2\/comments?post=3443"}],"version-history":[{"count":0,"href":"https:\/\/popefranciscenter.org\/es\/wp-json\/wp\/v2\/posts\/3443\/revisions"}],"wp:featuredmedia":[{"embeddable":true,"href":"https:\/\/popefranciscenter.org\/es\/wp-json\/wp\/v2\/media\/2939"}],"wp:attachment":[{"href":"https:\/\/popefranciscenter.org\/es\/wp-json\/wp\/v2\/media?parent=3443"}],"wp:term":[{"taxonomy":"category","embeddable":true,"href":"https:\/\/popefranciscenter.org\/es\/wp-json\/wp\/v2\/categories?post=3443"},{"taxonomy":"post_tag","embeddable":true,"href":"https:\/\/popefranciscenter.org\/es\/wp-json\/wp\/v2\/tags?post=3443"}],"curies":[{"name":"wp","href":"https:\/\/api.w.org\/{rel}","templated":true}]}}