{"id":3469,"date":"2025-06-13T12:20:34","date_gmt":"2025-06-13T16:20:34","guid":{"rendered":"https:\/\/popefranciscenter.org\/graduarse-para-una-vida-mejor\/"},"modified":"2025-07-03T09:21:44","modified_gmt":"2025-07-03T13:21:44","slug":"graduarse-para-una-vida-mejor","status":"publish","type":"post","link":"https:\/\/popefranciscenter.org\/es\/graduarse-para-una-vida-mejor\/","title":{"rendered":"Graduarse para una vida mejor"},"content":{"rendered":"<div class=\"fusion-fullwidth fullwidth-box fusion-builder-row-1 fusion-flex-container has-pattern-background has-mask-background hundred-percent-fullwidth non-hundred-percent-height-scrolling\" style=\"--awb-border-radius-top-left:0px;--awb-border-radius-top-right:0px;--awb-border-radius-bottom-right:0px;--awb-border-radius-bottom-left:0px;--awb-flex-wrap:wrap;\" ><div class=\"fusion-builder-row fusion-row fusion-flex-align-items-flex-start fusion-flex-content-wrap\" style=\"width:104% !important;max-width:104% !important;margin-left: calc(-4% \/ 2 );margin-right: calc(-4% \/ 2 );\"><div class=\"fusion-layout-column fusion_builder_column fusion-builder-column-0 fusion_builder_column_1_1 1_1 fusion-flex-column\" style=\"--awb-bg-size:cover;--awb-width-large:100%;--awb-margin-top-large:0px;--awb-spacing-right-large:1.92%;--awb-margin-bottom-large:20px;--awb-spacing-left-large:1.92%;--awb-width-medium:100%;--awb-order-medium:0;--awb-spacing-right-medium:1.92%;--awb-spacing-left-medium:1.92%;--awb-width-small:100%;--awb-order-small:0;--awb-spacing-right-small:1.92%;--awb-spacing-left-small:1.92%;\"><div class=\"fusion-column-wrapper fusion-column-has-shadow fusion-flex-justify-content-flex-start fusion-content-layout-column\"><div class=\"fusion-text fusion-text-1\"><p>Hubo discursos conmovedores, una bendici\u00f3n sincera del Padre Tim McCabe y muchas sonrisas. Y cuando termin\u00f3, James y Andrew se fueron no solo como graduados del Bridge Housing Campus (BHC), sino como ejemplos de lo que puede suceder cuando a las personas se les da el entorno y las herramientas adecuadas para buscar un mejor camino para s\u00ed mismos.<\/p>\n<p>BHC dio la bienvenida a su primera cohorte de residentes el pasado mes de septiembre. Desde el desayuno hasta la hora de acostarse, los residentes tienen un prop\u00f3sito, consistencia, estructura, dignidad y un impulso hacia adelante, integrados en su rutina. Hay intenciones matutinas, terapia de grupo, apoyo para la recuperaci\u00f3n, trabajo social, entrenamiento laboral y optativas como arte o fitness.<\/p>\n<p>\u201cNo es un campamento de verano\u201d, dice Joe Philip, director de operaciones.<\/p>\n<p>Tampoco es f\u00e1cil, ni siquiera divertido. \u201cNo entregamos diplomas por hacer la cama. Se necesita valor. Estos hombres se enfrentan a a\u00f1os, a veces d\u00e9cadas, de trauma, adicci\u00f3n, vida en modo de supervivencia y aislamiento. Se necesita un nivel de honestidad y coraje al que la mayor\u00eda de la gente no tiene que recurrir en la vida diaria. Y la verdad es que la parte m\u00e1s dif\u00edcil no es el horario o las reuniones. Es aprender a creer que eres digno de curaci\u00f3n y estabilidad\u201d, dice Joe.<\/p>\n<p>BHC est\u00e1 dise\u00f1ado para que los residentes tarden de 90 a 120 d\u00edas en completar el programa y est\u00e9n listos para vivir en una vivienda permanente con apoyo. Sin embargo, el cronograma puede variar seg\u00fan el individuo.<\/p>\n<p>A medida que PFC se acerca a la marca de un a\u00f1o desde que BHC abri\u00f3 sus puertas a los residentes, Joe dijo que los aprendizajes y la experiencia han arrojado una nueva luz sobre c\u00f3mo Detroit aborda el problema de la falta de vivienda cr\u00f3nica.<\/p>\n<p>\u00abNo somos un refugio. No somos una casa de transici\u00f3n. Y definitivamente no estamos aqu\u00ed para \u201carreglar\u201d a la gente. Este es un lugar donde la gente aprende a confiar de nuevo, empezando por s\u00ed mismos. Creo que BHC tiene el poder de cambiar la forma en que Detroit piensa sobre la falta de vivienda. Si queremos un cambio duradero, tenemos que dejar de preguntar: \u201c\u00bfPor qu\u00e9 no est\u00e1n listos?\u201d y empezar a preguntar: \u201c\u00bfLes estamos dando a la gente algo por lo que valga la pena estar listo?\u201d\u00bb<\/p>\n<\/div><\/div><\/div><\/div><\/div>\n","protected":false},"excerpt":{"rendered":"","protected":false},"author":11,"featured_media":3373,"comment_status":"closed","ping_status":"open","sticky":false,"template":"","format":"standard","meta":{"footnotes":""},"categories":[41],"tags":[],"class_list":["post-3469","post","type-post","status-publish","format-standard","has-post-thumbnail","hentry","category-noticias-de-pfc"],"yoast_head":"<!-- This site is optimized with the Yoast SEO plugin v27.5 - https:\/\/yoast.com\/product\/yoast-seo-wordpress\/ -->\n<title>Graduarse para una vida mejor - Pope Francis Center<\/title>\n<meta name=\"robots\" content=\"index, follow, max-snippet:-1, max-image-preview:large, max-video-preview:-1\" \/>\n<link rel=\"canonical\" href=\"https:\/\/popefranciscenter.org\/es\/graduarse-para-una-vida-mejor\/\" \/>\n<meta property=\"og:locale\" content=\"es_ES\" \/>\n<meta property=\"og:type\" content=\"article\" \/>\n<meta property=\"og:title\" content=\"Graduarse para una vida mejor - Pope Francis Center\" \/>\n<meta property=\"og:url\" content=\"https:\/\/popefranciscenter.org\/es\/graduarse-para-una-vida-mejor\/\" \/>\n<meta property=\"og:site_name\" content=\"Pope Francis Center\" \/>\n<meta property=\"article:publisher\" content=\"https:\/\/www.facebook.com\/popefranciscenter\" \/>\n<meta property=\"article:published_time\" content=\"2025-06-13T16:20:34+00:00\" \/>\n<meta property=\"article:modified_time\" content=\"2025-07-03T13:21:44+00:00\" \/>\n<meta property=\"og:image\" content=\"https:\/\/popefranciscenter.org\/wp-content\/uploads\/2025\/06\/Bridge-Housing-Campus-Graduates.jpg\" \/>\n\t<meta property=\"og:image:width\" content=\"1000\" \/>\n\t<meta property=\"og:image:height\" content=\"1000\" \/>\n\t<meta property=\"og:image:type\" content=\"image\/jpeg\" \/>\n<meta name=\"author\" content=\"Jennifer Cain\" \/>\n<meta name=\"twitter:card\" content=\"summary_large_image\" \/>\n<meta name=\"twitter:label1\" content=\"Written by\" \/>\n\t<meta name=\"twitter:data1\" content=\"Jennifer Cain\" \/>\n\t<meta name=\"twitter:label2\" content=\"Est. reading time\" \/>\n\t<meta name=\"twitter:data2\" content=\"7 minutos\" \/>\n<script type=\"application\/ld+json\" class=\"yoast-schema-graph\">{\"@context\":\"https:\\\/\\\/schema.org\",\"@graph\":[{\"@type\":\"Article\",\"@id\":\"https:\\\/\\\/popefranciscenter.org\\\/es\\\/graduarse-para-una-vida-mejor\\\/#article\",\"isPartOf\":{\"@id\":\"https:\\\/\\\/popefranciscenter.org\\\/es\\\/graduarse-para-una-vida-mejor\\\/\"},\"author\":{\"name\":\"Jennifer Cain\",\"@id\":\"https:\\\/\\\/popefranciscenter.org\\\/es\\\/#\\\/schema\\\/person\\\/113ce34e449f90eec25cad2b66ab2b25\"},\"headline\":\"Graduarse para una vida mejor\",\"datePublished\":\"2025-06-13T16:20:34+00:00\",\"dateModified\":\"2025-07-03T13:21:44+00:00\",\"mainEntityOfPage\":{\"@id\":\"https:\\\/\\\/popefranciscenter.org\\\/es\\\/graduarse-para-una-vida-mejor\\\/\"},\"wordCount\":1470,\"publisher\":{\"@id\":\"https:\\\/\\\/popefranciscenter.org\\\/es\\\/#organization\"},\"image\":{\"@id\":\"https:\\\/\\\/popefranciscenter.org\\\/es\\\/graduarse-para-una-vida-mejor\\\/#primaryimage\"},\"thumbnailUrl\":\"https:\\\/\\\/popefranciscenter.org\\\/wp-content\\\/uploads\\\/2025\\\/06\\\/Bridge-Housing-Campus-Graduates.webp\",\"articleSection\":[\"Noticias de PFC\"],\"inLanguage\":\"es\"},{\"@type\":\"WebPage\",\"@id\":\"https:\\\/\\\/popefranciscenter.org\\\/es\\\/graduarse-para-una-vida-mejor\\\/\",\"url\":\"https:\\\/\\\/popefranciscenter.org\\\/es\\\/graduarse-para-una-vida-mejor\\\/\",\"name\":\"Graduarse para una vida mejor - Pope Francis Center\",\"isPartOf\":{\"@id\":\"https:\\\/\\\/popefranciscenter.org\\\/es\\\/#website\"},\"primaryImageOfPage\":{\"@id\":\"https:\\\/\\\/popefranciscenter.org\\\/es\\\/graduarse-para-una-vida-mejor\\\/#primaryimage\"},\"image\":{\"@id\":\"https:\\\/\\\/popefranciscenter.org\\\/es\\\/graduarse-para-una-vida-mejor\\\/#primaryimage\"},\"thumbnailUrl\":\"https:\\\/\\\/popefranciscenter.org\\\/wp-content\\\/uploads\\\/2025\\\/06\\\/Bridge-Housing-Campus-Graduates.webp\",\"datePublished\":\"2025-06-13T16:20:34+00:00\",\"dateModified\":\"2025-07-03T13:21:44+00:00\",\"breadcrumb\":{\"@id\":\"https:\\\/\\\/popefranciscenter.org\\\/es\\\/graduarse-para-una-vida-mejor\\\/#breadcrumb\"},\"inLanguage\":\"es\",\"potentialAction\":[{\"@type\":\"ReadAction\",\"target\":[\"https:\\\/\\\/popefranciscenter.org\\\/es\\\/graduarse-para-una-vida-mejor\\\/\"]}]},{\"@type\":\"ImageObject\",\"inLanguage\":\"es\",\"@id\":\"https:\\\/\\\/popefranciscenter.org\\\/es\\\/graduarse-para-una-vida-mejor\\\/#primaryimage\",\"url\":\"https:\\\/\\\/popefranciscenter.org\\\/wp-content\\\/uploads\\\/2025\\\/06\\\/Bridge-Housing-Campus-Graduates.webp\",\"contentUrl\":\"https:\\\/\\\/popefranciscenter.org\\\/wp-content\\\/uploads\\\/2025\\\/06\\\/Bridge-Housing-Campus-Graduates.webp\",\"width\":1000,\"height\":1000,\"caption\":\"Bridge Housing Campus Graduates\"},{\"@type\":\"BreadcrumbList\",\"@id\":\"https:\\\/\\\/popefranciscenter.org\\\/es\\\/graduarse-para-una-vida-mejor\\\/#breadcrumb\",\"itemListElement\":[{\"@type\":\"ListItem\",\"position\":1,\"name\":\"Home\",\"item\":\"https:\\\/\\\/popefranciscenter.org\\\/es\\\/\"},{\"@type\":\"ListItem\",\"position\":2,\"name\":\"Graduarse para una vida mejor\"}]},{\"@type\":\"WebSite\",\"@id\":\"https:\\\/\\\/popefranciscenter.org\\\/es\\\/#website\",\"url\":\"https:\\\/\\\/popefranciscenter.org\\\/es\\\/\",\"name\":\"Pope Francis Center\",\"description\":\"Feeding. Serving. Empowering.\",\"publisher\":{\"@id\":\"https:\\\/\\\/popefranciscenter.org\\\/es\\\/#organization\"},\"potentialAction\":[{\"@type\":\"SearchAction\",\"target\":{\"@type\":\"EntryPoint\",\"urlTemplate\":\"https:\\\/\\\/popefranciscenter.org\\\/es\\\/?s={search_term_string}\"},\"query-input\":{\"@type\":\"PropertyValueSpecification\",\"valueRequired\":true,\"valueName\":\"search_term_string\"}}],\"inLanguage\":\"es\"},{\"@type\":\"Organization\",\"@id\":\"https:\\\/\\\/popefranciscenter.org\\\/es\\\/#organization\",\"name\":\"Centro Papa Francisco\",\"url\":\"https:\\\/\\\/popefranciscenter.org\\\/es\\\/\",\"logo\":{\"@type\":\"ImageObject\",\"inLanguage\":\"es\",\"@id\":\"https:\\\/\\\/popefranciscenter.org\\\/es\\\/#\\\/schema\\\/logo\\\/image\\\/\",\"url\":\"https:\\\/\\\/popefranciscenter.org\\\/wp-content\\\/uploads\\\/2025\\\/02\\\/PFC-Logo-Color.png\",\"contentUrl\":\"https:\\\/\\\/popefranciscenter.org\\\/wp-content\\\/uploads\\\/2025\\\/02\\\/PFC-Logo-Color.png\",\"width\":600,\"height\":378,\"caption\":\"Centro Papa Francisco\"},\"image\":{\"@id\":\"https:\\\/\\\/popefranciscenter.org\\\/es\\\/#\\\/schema\\\/logo\\\/image\\\/\"},\"sameAs\":[\"https:\\\/\\\/www.facebook.com\\\/popefranciscenter\",\"https:\\\/\\\/www.instagram.com\\\/popefranciscenter\\\/\",\"https:\\\/\\\/www.youtube.com\\\/@popefranciscenter\\\/\",\"https:\\\/\\\/www.linkedin.com\\\/company\\\/pope-francis-center\\\/\"]},{\"@type\":\"Person\",\"@id\":\"https:\\\/\\\/popefranciscenter.org\\\/es\\\/#\\\/schema\\\/person\\\/113ce34e449f90eec25cad2b66ab2b25\",\"name\":\"Jennifer Cain\",\"url\":\"https:\\\/\\\/popefranciscenter.org\\\/es\\\/author\\\/jcainjhccomm-com\\\/\"}]}<\/script>\n<!-- \/ Yoast SEO plugin. -->","yoast_head_json":{"title":"Graduarse para una vida mejor - Pope Francis Center","robots":{"index":"index","follow":"follow","max-snippet":"max-snippet:-1","max-image-preview":"max-image-preview:large","max-video-preview":"max-video-preview:-1"},"canonical":"https:\/\/popefranciscenter.org\/es\/graduarse-para-una-vida-mejor\/","og_locale":"es_ES","og_type":"article","og_title":"Graduarse para una vida mejor - Pope Francis Center","og_url":"https:\/\/popefranciscenter.org\/es\/graduarse-para-una-vida-mejor\/","og_site_name":"Pope Francis Center","article_publisher":"https:\/\/www.facebook.com\/popefranciscenter","article_published_time":"2025-06-13T16:20:34+00:00","article_modified_time":"2025-07-03T13:21:44+00:00","og_image":[{"width":1000,"height":1000,"url":"https:\/\/popefranciscenter.org\/wp-content\/uploads\/2025\/06\/Bridge-Housing-Campus-Graduates.jpg","type":"image\/jpeg"}],"author":"Jennifer Cain","twitter_card":"summary_large_image","twitter_misc":{"Written by":"Jennifer Cain","Est. reading time":"7 minutos"},"schema":{"@context":"https:\/\/schema.org","@graph":[{"@type":"Article","@id":"https:\/\/popefranciscenter.org\/es\/graduarse-para-una-vida-mejor\/#article","isPartOf":{"@id":"https:\/\/popefranciscenter.org\/es\/graduarse-para-una-vida-mejor\/"},"author":{"name":"Jennifer Cain","@id":"https:\/\/popefranciscenter.org\/es\/#\/schema\/person\/113ce34e449f90eec25cad2b66ab2b25"},"headline":"Graduarse para una vida mejor","datePublished":"2025-06-13T16:20:34+00:00","dateModified":"2025-07-03T13:21:44+00:00","mainEntityOfPage":{"@id":"https:\/\/popefranciscenter.org\/es\/graduarse-para-una-vida-mejor\/"},"wordCount":1470,"publisher":{"@id":"https:\/\/popefranciscenter.org\/es\/#organization"},"image":{"@id":"https:\/\/popefranciscenter.org\/es\/graduarse-para-una-vida-mejor\/#primaryimage"},"thumbnailUrl":"https:\/\/popefranciscenter.org\/wp-content\/uploads\/2025\/06\/Bridge-Housing-Campus-Graduates.webp","articleSection":["Noticias de PFC"],"inLanguage":"es"},{"@type":"WebPage","@id":"https:\/\/popefranciscenter.org\/es\/graduarse-para-una-vida-mejor\/","url":"https:\/\/popefranciscenter.org\/es\/graduarse-para-una-vida-mejor\/","name":"Graduarse para una vida mejor - Pope Francis Center","isPartOf":{"@id":"https:\/\/popefranciscenter.org\/es\/#website"},"primaryImageOfPage":{"@id":"https:\/\/popefranciscenter.org\/es\/graduarse-para-una-vida-mejor\/#primaryimage"},"image":{"@id":"https:\/\/popefranciscenter.org\/es\/graduarse-para-una-vida-mejor\/#primaryimage"},"thumbnailUrl":"https:\/\/popefranciscenter.org\/wp-content\/uploads\/2025\/06\/Bridge-Housing-Campus-Graduates.webp","datePublished":"2025-06-13T16:20:34+00:00","dateModified":"2025-07-03T13:21:44+00:00","breadcrumb":{"@id":"https:\/\/popefranciscenter.org\/es\/graduarse-para-una-vida-mejor\/#breadcrumb"},"inLanguage":"es","potentialAction":[{"@type":"ReadAction","target":["https:\/\/popefranciscenter.org\/es\/graduarse-para-una-vida-mejor\/"]}]},{"@type":"ImageObject","inLanguage":"es","@id":"https:\/\/popefranciscenter.org\/es\/graduarse-para-una-vida-mejor\/#primaryimage","url":"https:\/\/popefranciscenter.org\/wp-content\/uploads\/2025\/06\/Bridge-Housing-Campus-Graduates.webp","contentUrl":"https:\/\/popefranciscenter.org\/wp-content\/uploads\/2025\/06\/Bridge-Housing-Campus-Graduates.webp","width":1000,"height":1000,"caption":"Bridge Housing Campus Graduates"},{"@type":"BreadcrumbList","@id":"https:\/\/popefranciscenter.org\/es\/graduarse-para-una-vida-mejor\/#breadcrumb","itemListElement":[{"@type":"ListItem","position":1,"name":"Home","item":"https:\/\/popefranciscenter.org\/es\/"},{"@type":"ListItem","position":2,"name":"Graduarse para una vida mejor"}]},{"@type":"WebSite","@id":"https:\/\/popefranciscenter.org\/es\/#website","url":"https:\/\/popefranciscenter.org\/es\/","name":"Pope Francis Center","description":"Feeding. Serving. Empowering.","publisher":{"@id":"https:\/\/popefranciscenter.org\/es\/#organization"},"potentialAction":[{"@type":"SearchAction","target":{"@type":"EntryPoint","urlTemplate":"https:\/\/popefranciscenter.org\/es\/?s={search_term_string}"},"query-input":{"@type":"PropertyValueSpecification","valueRequired":true,"valueName":"search_term_string"}}],"inLanguage":"es"},{"@type":"Organization","@id":"https:\/\/popefranciscenter.org\/es\/#organization","name":"Centro Papa Francisco","url":"https:\/\/popefranciscenter.org\/es\/","logo":{"@type":"ImageObject","inLanguage":"es","@id":"https:\/\/popefranciscenter.org\/es\/#\/schema\/logo\/image\/","url":"https:\/\/popefranciscenter.org\/wp-content\/uploads\/2025\/02\/PFC-Logo-Color.png","contentUrl":"https:\/\/popefranciscenter.org\/wp-content\/uploads\/2025\/02\/PFC-Logo-Color.png","width":600,"height":378,"caption":"Centro Papa Francisco"},"image":{"@id":"https:\/\/popefranciscenter.org\/es\/#\/schema\/logo\/image\/"},"sameAs":["https:\/\/www.facebook.com\/popefranciscenter","https:\/\/www.instagram.com\/popefranciscenter\/","https:\/\/www.youtube.com\/@popefranciscenter\/","https:\/\/www.linkedin.com\/company\/pope-francis-center\/"]},{"@type":"Person","@id":"https:\/\/popefranciscenter.org\/es\/#\/schema\/person\/113ce34e449f90eec25cad2b66ab2b25","name":"Jennifer Cain","url":"https:\/\/popefranciscenter.org\/es\/author\/jcainjhccomm-com\/"}]}},"_links":{"self":[{"href":"https:\/\/popefranciscenter.org\/es\/wp-json\/wp\/v2\/posts\/3469","targetHints":{"allow":["GET"]}}],"collection":[{"href":"https:\/\/popefranciscenter.org\/es\/wp-json\/wp\/v2\/posts"}],"about":[{"href":"https:\/\/popefranciscenter.org\/es\/wp-json\/wp\/v2\/types\/post"}],"author":[{"embeddable":true,"href":"https:\/\/popefranciscenter.org\/es\/wp-json\/wp\/v2\/users\/11"}],"replies":[{"embeddable":true,"href":"https:\/\/popefranciscenter.org\/es\/wp-json\/wp\/v2\/comments?post=3469"}],"version-history":[{"count":0,"href":"https:\/\/popefranciscenter.org\/es\/wp-json\/wp\/v2\/posts\/3469\/revisions"}],"wp:featuredmedia":[{"embeddable":true,"href":"https:\/\/popefranciscenter.org\/es\/wp-json\/wp\/v2\/media\/3373"}],"wp:attachment":[{"href":"https:\/\/popefranciscenter.org\/es\/wp-json\/wp\/v2\/media?parent=3469"}],"wp:term":[{"taxonomy":"category","embeddable":true,"href":"https:\/\/popefranciscenter.org\/es\/wp-json\/wp\/v2\/categories?post=3469"},{"taxonomy":"post_tag","embeddable":true,"href":"https:\/\/popefranciscenter.org\/es\/wp-json\/wp\/v2\/tags?post=3469"}],"curies":[{"name":"wp","href":"https:\/\/api.w.org\/{rel}","templated":true}]}}