{"id":3554,"date":"2025-08-22T16:18:00","date_gmt":"2025-08-22T20:18:00","guid":{"rendered":"https:\/\/popefranciscenter.org\/las-soluciones-reales-para-la-falta-de-vivienda-requieren-compasion-no-sanciones\/"},"modified":"2025-08-22T16:18:00","modified_gmt":"2025-08-22T20:18:00","slug":"las-soluciones-reales-para-la-falta-de-vivienda-requieren-compasion-no-sanciones","status":"publish","type":"post","link":"https:\/\/popefranciscenter.org\/es\/las-soluciones-reales-para-la-falta-de-vivienda-requieren-compasion-no-sanciones\/","title":{"rendered":"Las soluciones reales para la falta de vivienda requieren compasi\u00f3n, no sanciones"},"content":{"rendered":"<p><span style=\"font-weight: 400;\">Con la reciente Orden Ejecutiva, \u201cque pone fin al crimen y al desorden en las calles de Estados Unidos\u201d, que amenaza con criminalizar la falta de vivienda, un foco m\u00e1s brillante ilumina nuestro trabajo, la importancia del mismo y la necesidad de que aquellos que est\u00e1n conectados con nosotros contin\u00faen a nuestro lado.<\/span><b> <\/b><\/p>\n<p><span style=\"font-weight: 400;\">En un nuevo art\u00edculo de opini\u00f3n publicado esta semana en el Detroit News, el presidente y director ejecutivo de PFC, el padre Tim McCabe, ofrece un poderoso recordatorio:  <\/span><i><span style=\"font-weight: 400;\">no podemos salir de una crisis humanitaria a base de castigos.<\/span><\/i><span style=\"font-weight: 400;\">  En cambio, debemos invertir en soluciones que restauren la dignidad, curen los traumas y proporcionen a las personas las herramientas que necesitan para prosperar.<\/span><\/p>\n<p><span style=\"font-weight: 400;\">El padre Tim comparte el ejemplo de nuestro   <\/span><b>Campus de alojamiento puente<\/b><span style=\"font-weight: 400;\">, que abri\u00f3 sus puertas hace casi un a\u00f1o. All\u00ed, los residentes encuentran no solo un refugio seguro, sino tambi\u00e9n atenci\u00f3n informada sobre traumas, apoyo para la salud mental, recuperaci\u00f3n de adicciones, capacitaci\u00f3n laboral y, lo que es igual de importante, aliento, compasi\u00f3n y amor. Es un modelo que no solo oculta a las personas sin hogar, sino que ayuda a las personas a construir futuros sostenibles y a aprovechar todo su potencial.  <\/span><\/p>\n<p><span style=\"font-weight: 400;\">La falta de vivienda es compleja y no hay soluciones r\u00e1pidas. Pero   <\/span><i><span style=\"font-weight: 400;\">existen<\/span><\/i><span style=\"font-weight: 400;\"> soluciones reales, humanas y eficaces.<\/span><\/p>\n<p><span style=\"font-weight: 400;\">Lea el art\u00edculo completo del padre Tim <a href=\"https:\/\/www.detroitnews.com\/story\/opinion\/2025\/08\/20\/mccabe-fixing-homelessness-takes-solutions-not-penalties\/85723923007\/\">aqu\u00ed<\/a> y \u00fanase a nosotros para reimaginar un camino mejor y m\u00e1s compasivo. <\/span><\/p>\n","protected":false},"excerpt":{"rendered":"<p>Con la reciente Orden Ejecutiva, \u201cque pone fin al crimen  [&#8230;]<\/p>\n","protected":false},"author":12,"featured_media":3553,"comment_status":"closed","ping_status":"open","sticky":false,"template":"","format":"standard","meta":{"footnotes":""},"categories":[40,41],"tags":[],"class_list":["post-3554","post","type-post","status-publish","format-standard","has-post-thumbnail","hentry","category-en-las-noticias","category-noticias-de-pfc"],"yoast_head":"<!-- This site is optimized with the Yoast SEO plugin v27.4 - https:\/\/yoast.com\/product\/yoast-seo-wordpress\/ -->\n<title>Las soluciones reales para la falta de vivienda requieren compasi\u00f3n, no sanciones - Pope Francis Center<\/title>\n<meta name=\"description\" content=\"En un nuevo art\u00edculo de opini\u00f3n publicado esta semana en el Detroit News, el presidente y director ejecutivo de PFC, el padre Tim McCabe, ofrece un poderoso recordatorio: no podemos salir de una crisis humanitaria a base de castigos.\" \/>\n<meta name=\"robots\" content=\"index, follow, max-snippet:-1, max-image-preview:large, max-video-preview:-1\" \/>\n<link rel=\"canonical\" href=\"https:\/\/popefranciscenter.org\/es\/las-soluciones-reales-para-la-falta-de-vivienda-requieren-compasion-no-sanciones\/\" \/>\n<meta property=\"og:locale\" content=\"es_ES\" \/>\n<meta property=\"og:type\" content=\"article\" \/>\n<meta property=\"og:title\" content=\"Las soluciones reales para la falta de vivienda requieren compasi\u00f3n, no sanciones - Pope Francis Center\" \/>\n<meta property=\"og:description\" content=\"En un nuevo art\u00edculo de opini\u00f3n publicado esta semana en el Detroit News, el presidente y director ejecutivo de PFC, el padre Tim McCabe, ofrece un poderoso recordatorio: no podemos salir de una crisis humanitaria a base de castigos.\" \/>\n<meta property=\"og:url\" content=\"https:\/\/popefranciscenter.org\/es\/las-soluciones-reales-para-la-falta-de-vivienda-requieren-compasion-no-sanciones\/\" \/>\n<meta property=\"og:site_name\" content=\"Pope Francis Center\" \/>\n<meta property=\"article:publisher\" content=\"https:\/\/www.facebook.com\/popefranciscenter\" \/>\n<meta property=\"article:published_time\" content=\"2025-08-22T20:18:00+00:00\" \/>\n<meta property=\"og:image\" content=\"https:\/\/popefranciscenter.org\/wp-content\/uploads\/2025\/08\/B.png\" \/>\n\t<meta property=\"og:image:width\" content=\"1080\" \/>\n\t<meta property=\"og:image:height\" content=\"1080\" \/>\n\t<meta property=\"og:image:type\" content=\"image\/png\" \/>\n<meta name=\"author\" content=\"Adrienne Polumbo\" \/>\n<meta name=\"twitter:card\" content=\"summary_large_image\" \/>\n<meta name=\"twitter:label1\" content=\"Written by\" \/>\n\t<meta name=\"twitter:data1\" content=\"Adrienne Polumbo\" \/>\n\t<meta name=\"twitter:label2\" content=\"Est. reading time\" \/>\n\t<meta name=\"twitter:data2\" content=\"1 minuto\" \/>\n<script type=\"application\/ld+json\" class=\"yoast-schema-graph\">{\"@context\":\"https:\\\/\\\/schema.org\",\"@graph\":[{\"@type\":\"Article\",\"@id\":\"https:\\\/\\\/popefranciscenter.org\\\/es\\\/las-soluciones-reales-para-la-falta-de-vivienda-requieren-compasion-no-sanciones\\\/#article\",\"isPartOf\":{\"@id\":\"https:\\\/\\\/popefranciscenter.org\\\/es\\\/las-soluciones-reales-para-la-falta-de-vivienda-requieren-compasion-no-sanciones\\\/\"},\"author\":{\"name\":\"Adrienne Polumbo\",\"@id\":\"https:\\\/\\\/popefranciscenter.org\\\/es\\\/#\\\/schema\\\/person\\\/cb65f27d2b628f6499513a7b11d2135e\"},\"headline\":\"Las soluciones reales para la falta de vivienda requieren compasi\u00f3n, no sanciones\",\"datePublished\":\"2025-08-22T20:18:00+00:00\",\"mainEntityOfPage\":{\"@id\":\"https:\\\/\\\/popefranciscenter.org\\\/es\\\/las-soluciones-reales-para-la-falta-de-vivienda-requieren-compasion-no-sanciones\\\/\"},\"wordCount\":265,\"publisher\":{\"@id\":\"https:\\\/\\\/popefranciscenter.org\\\/es\\\/#organization\"},\"image\":{\"@id\":\"https:\\\/\\\/popefranciscenter.org\\\/es\\\/las-soluciones-reales-para-la-falta-de-vivienda-requieren-compasion-no-sanciones\\\/#primaryimage\"},\"thumbnailUrl\":\"https:\\\/\\\/popefranciscenter.org\\\/wp-content\\\/uploads\\\/2025\\\/08\\\/B.webp\",\"articleSection\":[\"En las noticias\",\"Noticias de PFC\"],\"inLanguage\":\"es\"},{\"@type\":\"WebPage\",\"@id\":\"https:\\\/\\\/popefranciscenter.org\\\/es\\\/las-soluciones-reales-para-la-falta-de-vivienda-requieren-compasion-no-sanciones\\\/\",\"url\":\"https:\\\/\\\/popefranciscenter.org\\\/es\\\/las-soluciones-reales-para-la-falta-de-vivienda-requieren-compasion-no-sanciones\\\/\",\"name\":\"Las soluciones reales para la falta de vivienda requieren compasi\u00f3n, no sanciones - Pope Francis Center\",\"isPartOf\":{\"@id\":\"https:\\\/\\\/popefranciscenter.org\\\/es\\\/#website\"},\"primaryImageOfPage\":{\"@id\":\"https:\\\/\\\/popefranciscenter.org\\\/es\\\/las-soluciones-reales-para-la-falta-de-vivienda-requieren-compasion-no-sanciones\\\/#primaryimage\"},\"image\":{\"@id\":\"https:\\\/\\\/popefranciscenter.org\\\/es\\\/las-soluciones-reales-para-la-falta-de-vivienda-requieren-compasion-no-sanciones\\\/#primaryimage\"},\"thumbnailUrl\":\"https:\\\/\\\/popefranciscenter.org\\\/wp-content\\\/uploads\\\/2025\\\/08\\\/B.webp\",\"datePublished\":\"2025-08-22T20:18:00+00:00\",\"description\":\"En un nuevo art\u00edculo de opini\u00f3n publicado esta semana en el Detroit News, el presidente y director ejecutivo de PFC, el padre Tim McCabe, ofrece un poderoso recordatorio: no podemos salir de una crisis humanitaria a base de castigos.\",\"breadcrumb\":{\"@id\":\"https:\\\/\\\/popefranciscenter.org\\\/es\\\/las-soluciones-reales-para-la-falta-de-vivienda-requieren-compasion-no-sanciones\\\/#breadcrumb\"},\"inLanguage\":\"es\",\"potentialAction\":[{\"@type\":\"ReadAction\",\"target\":[\"https:\\\/\\\/popefranciscenter.org\\\/es\\\/las-soluciones-reales-para-la-falta-de-vivienda-requieren-compasion-no-sanciones\\\/\"]}]},{\"@type\":\"ImageObject\",\"inLanguage\":\"es\",\"@id\":\"https:\\\/\\\/popefranciscenter.org\\\/es\\\/las-soluciones-reales-para-la-falta-de-vivienda-requieren-compasion-no-sanciones\\\/#primaryimage\",\"url\":\"https:\\\/\\\/popefranciscenter.org\\\/wp-content\\\/uploads\\\/2025\\\/08\\\/B.webp\",\"contentUrl\":\"https:\\\/\\\/popefranciscenter.org\\\/wp-content\\\/uploads\\\/2025\\\/08\\\/B.webp\",\"width\":1080,\"height\":1080},{\"@type\":\"BreadcrumbList\",\"@id\":\"https:\\\/\\\/popefranciscenter.org\\\/es\\\/las-soluciones-reales-para-la-falta-de-vivienda-requieren-compasion-no-sanciones\\\/#breadcrumb\",\"itemListElement\":[{\"@type\":\"ListItem\",\"position\":1,\"name\":\"Home\",\"item\":\"https:\\\/\\\/popefranciscenter.org\\\/es\\\/\"},{\"@type\":\"ListItem\",\"position\":2,\"name\":\"Las soluciones reales para la falta de vivienda requieren compasi\u00f3n, no sanciones\"}]},{\"@type\":\"WebSite\",\"@id\":\"https:\\\/\\\/popefranciscenter.org\\\/es\\\/#website\",\"url\":\"https:\\\/\\\/popefranciscenter.org\\\/es\\\/\",\"name\":\"Pope Francis Center\",\"description\":\"Feeding. Serving. Empowering.\",\"publisher\":{\"@id\":\"https:\\\/\\\/popefranciscenter.org\\\/es\\\/#organization\"},\"potentialAction\":[{\"@type\":\"SearchAction\",\"target\":{\"@type\":\"EntryPoint\",\"urlTemplate\":\"https:\\\/\\\/popefranciscenter.org\\\/es\\\/?s={search_term_string}\"},\"query-input\":{\"@type\":\"PropertyValueSpecification\",\"valueRequired\":true,\"valueName\":\"search_term_string\"}}],\"inLanguage\":\"es\"},{\"@type\":\"Organization\",\"@id\":\"https:\\\/\\\/popefranciscenter.org\\\/es\\\/#organization\",\"name\":\"Centro Papa Francisco\",\"url\":\"https:\\\/\\\/popefranciscenter.org\\\/es\\\/\",\"logo\":{\"@type\":\"ImageObject\",\"inLanguage\":\"es\",\"@id\":\"https:\\\/\\\/popefranciscenter.org\\\/es\\\/#\\\/schema\\\/logo\\\/image\\\/\",\"url\":\"https:\\\/\\\/popefranciscenter.org\\\/wp-content\\\/uploads\\\/2025\\\/02\\\/PFC-Logo-Color.png\",\"contentUrl\":\"https:\\\/\\\/popefranciscenter.org\\\/wp-content\\\/uploads\\\/2025\\\/02\\\/PFC-Logo-Color.png\",\"width\":600,\"height\":378,\"caption\":\"Centro Papa Francisco\"},\"image\":{\"@id\":\"https:\\\/\\\/popefranciscenter.org\\\/es\\\/#\\\/schema\\\/logo\\\/image\\\/\"},\"sameAs\":[\"https:\\\/\\\/www.facebook.com\\\/popefranciscenter\",\"https:\\\/\\\/www.instagram.com\\\/popefranciscenter\\\/\",\"https:\\\/\\\/www.youtube.com\\\/@popefranciscenter\\\/\",\"https:\\\/\\\/www.linkedin.com\\\/company\\\/pope-francis-center\\\/\"]},{\"@type\":\"Person\",\"@id\":\"https:\\\/\\\/popefranciscenter.org\\\/es\\\/#\\\/schema\\\/person\\\/cb65f27d2b628f6499513a7b11d2135e\",\"name\":\"Adrienne Polumbo\",\"url\":\"https:\\\/\\\/popefranciscenter.org\\\/es\\\/author\\\/apolumbo\\\/\"}]}<\/script>\n<!-- \/ Yoast SEO plugin. -->","yoast_head_json":{"title":"Las soluciones reales para la falta de vivienda requieren compasi\u00f3n, no sanciones - Pope Francis Center","description":"En un nuevo art\u00edculo de opini\u00f3n publicado esta semana en el Detroit News, el presidente y director ejecutivo de PFC, el padre Tim McCabe, ofrece un poderoso recordatorio: no podemos salir de una crisis humanitaria a base de castigos.","robots":{"index":"index","follow":"follow","max-snippet":"max-snippet:-1","max-image-preview":"max-image-preview:large","max-video-preview":"max-video-preview:-1"},"canonical":"https:\/\/popefranciscenter.org\/es\/las-soluciones-reales-para-la-falta-de-vivienda-requieren-compasion-no-sanciones\/","og_locale":"es_ES","og_type":"article","og_title":"Las soluciones reales para la falta de vivienda requieren compasi\u00f3n, no sanciones - Pope Francis Center","og_description":"En un nuevo art\u00edculo de opini\u00f3n publicado esta semana en el Detroit News, el presidente y director ejecutivo de PFC, el padre Tim McCabe, ofrece un poderoso recordatorio: no podemos salir de una crisis humanitaria a base de castigos.","og_url":"https:\/\/popefranciscenter.org\/es\/las-soluciones-reales-para-la-falta-de-vivienda-requieren-compasion-no-sanciones\/","og_site_name":"Pope Francis Center","article_publisher":"https:\/\/www.facebook.com\/popefranciscenter","article_published_time":"2025-08-22T20:18:00+00:00","og_image":[{"width":1080,"height":1080,"url":"https:\/\/popefranciscenter.org\/wp-content\/uploads\/2025\/08\/B.png","type":"image\/png"}],"author":"Adrienne Polumbo","twitter_card":"summary_large_image","twitter_misc":{"Written by":"Adrienne Polumbo","Est. reading time":"1 minuto"},"schema":{"@context":"https:\/\/schema.org","@graph":[{"@type":"Article","@id":"https:\/\/popefranciscenter.org\/es\/las-soluciones-reales-para-la-falta-de-vivienda-requieren-compasion-no-sanciones\/#article","isPartOf":{"@id":"https:\/\/popefranciscenter.org\/es\/las-soluciones-reales-para-la-falta-de-vivienda-requieren-compasion-no-sanciones\/"},"author":{"name":"Adrienne Polumbo","@id":"https:\/\/popefranciscenter.org\/es\/#\/schema\/person\/cb65f27d2b628f6499513a7b11d2135e"},"headline":"Las soluciones reales para la falta de vivienda requieren compasi\u00f3n, no sanciones","datePublished":"2025-08-22T20:18:00+00:00","mainEntityOfPage":{"@id":"https:\/\/popefranciscenter.org\/es\/las-soluciones-reales-para-la-falta-de-vivienda-requieren-compasion-no-sanciones\/"},"wordCount":265,"publisher":{"@id":"https:\/\/popefranciscenter.org\/es\/#organization"},"image":{"@id":"https:\/\/popefranciscenter.org\/es\/las-soluciones-reales-para-la-falta-de-vivienda-requieren-compasion-no-sanciones\/#primaryimage"},"thumbnailUrl":"https:\/\/popefranciscenter.org\/wp-content\/uploads\/2025\/08\/B.webp","articleSection":["En las noticias","Noticias de PFC"],"inLanguage":"es"},{"@type":"WebPage","@id":"https:\/\/popefranciscenter.org\/es\/las-soluciones-reales-para-la-falta-de-vivienda-requieren-compasion-no-sanciones\/","url":"https:\/\/popefranciscenter.org\/es\/las-soluciones-reales-para-la-falta-de-vivienda-requieren-compasion-no-sanciones\/","name":"Las soluciones reales para la falta de vivienda requieren compasi\u00f3n, no sanciones - Pope Francis Center","isPartOf":{"@id":"https:\/\/popefranciscenter.org\/es\/#website"},"primaryImageOfPage":{"@id":"https:\/\/popefranciscenter.org\/es\/las-soluciones-reales-para-la-falta-de-vivienda-requieren-compasion-no-sanciones\/#primaryimage"},"image":{"@id":"https:\/\/popefranciscenter.org\/es\/las-soluciones-reales-para-la-falta-de-vivienda-requieren-compasion-no-sanciones\/#primaryimage"},"thumbnailUrl":"https:\/\/popefranciscenter.org\/wp-content\/uploads\/2025\/08\/B.webp","datePublished":"2025-08-22T20:18:00+00:00","description":"En un nuevo art\u00edculo de opini\u00f3n publicado esta semana en el Detroit News, el presidente y director ejecutivo de PFC, el padre Tim McCabe, ofrece un poderoso recordatorio: no podemos salir de una crisis humanitaria a base de castigos.","breadcrumb":{"@id":"https:\/\/popefranciscenter.org\/es\/las-soluciones-reales-para-la-falta-de-vivienda-requieren-compasion-no-sanciones\/#breadcrumb"},"inLanguage":"es","potentialAction":[{"@type":"ReadAction","target":["https:\/\/popefranciscenter.org\/es\/las-soluciones-reales-para-la-falta-de-vivienda-requieren-compasion-no-sanciones\/"]}]},{"@type":"ImageObject","inLanguage":"es","@id":"https:\/\/popefranciscenter.org\/es\/las-soluciones-reales-para-la-falta-de-vivienda-requieren-compasion-no-sanciones\/#primaryimage","url":"https:\/\/popefranciscenter.org\/wp-content\/uploads\/2025\/08\/B.webp","contentUrl":"https:\/\/popefranciscenter.org\/wp-content\/uploads\/2025\/08\/B.webp","width":1080,"height":1080},{"@type":"BreadcrumbList","@id":"https:\/\/popefranciscenter.org\/es\/las-soluciones-reales-para-la-falta-de-vivienda-requieren-compasion-no-sanciones\/#breadcrumb","itemListElement":[{"@type":"ListItem","position":1,"name":"Home","item":"https:\/\/popefranciscenter.org\/es\/"},{"@type":"ListItem","position":2,"name":"Las soluciones reales para la falta de vivienda requieren compasi\u00f3n, no sanciones"}]},{"@type":"WebSite","@id":"https:\/\/popefranciscenter.org\/es\/#website","url":"https:\/\/popefranciscenter.org\/es\/","name":"Pope Francis Center","description":"Feeding. Serving. Empowering.","publisher":{"@id":"https:\/\/popefranciscenter.org\/es\/#organization"},"potentialAction":[{"@type":"SearchAction","target":{"@type":"EntryPoint","urlTemplate":"https:\/\/popefranciscenter.org\/es\/?s={search_term_string}"},"query-input":{"@type":"PropertyValueSpecification","valueRequired":true,"valueName":"search_term_string"}}],"inLanguage":"es"},{"@type":"Organization","@id":"https:\/\/popefranciscenter.org\/es\/#organization","name":"Centro Papa Francisco","url":"https:\/\/popefranciscenter.org\/es\/","logo":{"@type":"ImageObject","inLanguage":"es","@id":"https:\/\/popefranciscenter.org\/es\/#\/schema\/logo\/image\/","url":"https:\/\/popefranciscenter.org\/wp-content\/uploads\/2025\/02\/PFC-Logo-Color.png","contentUrl":"https:\/\/popefranciscenter.org\/wp-content\/uploads\/2025\/02\/PFC-Logo-Color.png","width":600,"height":378,"caption":"Centro Papa Francisco"},"image":{"@id":"https:\/\/popefranciscenter.org\/es\/#\/schema\/logo\/image\/"},"sameAs":["https:\/\/www.facebook.com\/popefranciscenter","https:\/\/www.instagram.com\/popefranciscenter\/","https:\/\/www.youtube.com\/@popefranciscenter\/","https:\/\/www.linkedin.com\/company\/pope-francis-center\/"]},{"@type":"Person","@id":"https:\/\/popefranciscenter.org\/es\/#\/schema\/person\/cb65f27d2b628f6499513a7b11d2135e","name":"Adrienne Polumbo","url":"https:\/\/popefranciscenter.org\/es\/author\/apolumbo\/"}]}},"_links":{"self":[{"href":"https:\/\/popefranciscenter.org\/es\/wp-json\/wp\/v2\/posts\/3554","targetHints":{"allow":["GET"]}}],"collection":[{"href":"https:\/\/popefranciscenter.org\/es\/wp-json\/wp\/v2\/posts"}],"about":[{"href":"https:\/\/popefranciscenter.org\/es\/wp-json\/wp\/v2\/types\/post"}],"author":[{"embeddable":true,"href":"https:\/\/popefranciscenter.org\/es\/wp-json\/wp\/v2\/users\/12"}],"replies":[{"embeddable":true,"href":"https:\/\/popefranciscenter.org\/es\/wp-json\/wp\/v2\/comments?post=3554"}],"version-history":[{"count":0,"href":"https:\/\/popefranciscenter.org\/es\/wp-json\/wp\/v2\/posts\/3554\/revisions"}],"wp:featuredmedia":[{"embeddable":true,"href":"https:\/\/popefranciscenter.org\/es\/wp-json\/wp\/v2\/media\/3553"}],"wp:attachment":[{"href":"https:\/\/popefranciscenter.org\/es\/wp-json\/wp\/v2\/media?parent=3554"}],"wp:term":[{"taxonomy":"category","embeddable":true,"href":"https:\/\/popefranciscenter.org\/es\/wp-json\/wp\/v2\/categories?post=3554"},{"taxonomy":"post_tag","embeddable":true,"href":"https:\/\/popefranciscenter.org\/es\/wp-json\/wp\/v2\/tags?post=3554"}],"curies":[{"name":"wp","href":"https:\/\/api.w.org\/{rel}","templated":true}]}}