{"id":3601,"date":"2025-09-02T15:48:24","date_gmt":"2025-09-02T19:48:24","guid":{"rendered":"https:\/\/popefranciscenter.org\/jim-tobin-aporta-raices-de-detroit-y-toda-una-vida-de-liderazgo-y-servicio-comunitario-a-la-junta-directiva-de-pfc\/"},"modified":"2025-09-19T10:02:31","modified_gmt":"2025-09-19T14:02:31","slug":"jim-tobin-aporta-raices-de-detroit-y-toda-una-vida-de-liderazgo-y-servicio-comunitario-a-la-junta-directiva-de-pfc","status":"publish","type":"post","link":"https:\/\/popefranciscenter.org\/es\/jim-tobin-aporta-raices-de-detroit-y-toda-una-vida-de-liderazgo-y-servicio-comunitario-a-la-junta-directiva-de-pfc\/","title":{"rendered":"Jim Tobin aporta ra\u00edces de Detroit y toda una vida de liderazgo y servicio comunitario a la junta directiva de PFC."},"content":{"rendered":"<p><span style=\"font-weight: 400;\">Jim Tobin, quien fue elegido miembro de la junta directiva del Pope Francis Center (PFC) en agosto, aporta toda una vida de conocimiento local y experiencia en liderazgo corporativo a la ya s\u00f3lida junta directiva de la organizaci\u00f3n. <\/span><\/p>\n<p><span style=\"font-weight: 400;\">Jim creci\u00f3 como uno de los 13 hijos cerca de la esquina de Vernor y Junction en el suroeste de Detroit, y se gradu\u00f3 en la hist\u00f3rica Holy Redeemer<\/span> <span style=\"font-weight: 400;\">Grade<\/span><span style=\"font-weight: 400;\"> School, un elemento fijo en el sistema escolar cat\u00f3lico de Detroit para generaciones de estudiantes.<\/span> <\/p>\n<p><span style=\"font-weight: 400;\">Despu\u00e9s de obtener un t\u00edtulo en administraci\u00f3n de empresas de la St. John Fisher University en Rochester, Nueva York, Jim pas\u00f3 22 a\u00f1os en el campo de las m\u00e1quinas herramienta y equipos dentro de la industria automotriz antes de unirse a Magna International, una empresa global de movilidad y tecnolog\u00eda. Despu\u00e9s de trabajar en la unidad Magna Cosma, Tobin trabaj\u00f3 en la operaci\u00f3n corporativa de la empresa en puestos de ventas s\u00e9nior y desarrollo empresarial. Fue nombrado director de marketing de Magna International en 2010 y presidente de Magna Asia en 2012. Se retir\u00f3 de la empresa en 2020.   <\/span><\/p>\n<p><span style=\"font-weight: 400;\">Jim ha sido un partidario durante mucho tiempo de PFC y fue honrado por su servicio y compromiso tanto con la organizaci\u00f3n como con la comunidad en la Gala Building Bridges de 2023. Adem\u00e1s de PFC, Tobin forma parte del Consejo Asesor de Focus: HOPE y ha sido el defensor de Magna para la Detroit Cristo Rey High School,  <\/span><span style=\"font-weight: 400;\">Holy Redeemer Grade School<\/span> <span style=\"font-weight: 400;\">y los programas de estudio y trabajo de Loyola High School.<\/span><\/p>\n<p><span style=\"font-weight: 400;\">\u201cComo copresidente de la campa\u00f1a de capital que recaud\u00f3 40 millones de d\u00f3lares para el Bridge Housing Campus, la pasi\u00f3n y el liderazgo de Jim ejemplificaron su compromiso de servir a los residentes m\u00e1s vulnerables de Detroit. Nos sentimos honrados de tenerlo como miembro de nuestra junta\u201d, dijo Jim Vella, presidente de la junta de PFC. <\/span><\/p>\n","protected":false},"excerpt":{"rendered":"<p>Jim Tobin, quien fue elegido miembro de la junta directiva  [&#8230;]<\/p>\n","protected":false},"author":12,"featured_media":3600,"comment_status":"closed","ping_status":"open","sticky":false,"template":"","format":"standard","meta":{"footnotes":""},"categories":[41],"tags":[],"class_list":["post-3601","post","type-post","status-publish","format-standard","has-post-thumbnail","hentry","category-noticias-de-pfc"],"yoast_head":"<!-- This site is optimized with the Yoast SEO plugin v27.5 - https:\/\/yoast.com\/product\/yoast-seo-wordpress\/ -->\n<title>Jim Tobin aporta ra\u00edces de Detroit y toda una vida de liderazgo y servicio comunitario a la junta directiva de PFC. - Pope Francis Center<\/title>\n<meta name=\"description\" content=\"PFC da la bienvenida a Jim Tobin, nativo de Detroit y ex ejecutivo de Magna International, a su junta directiva, honrando su compromiso comunitario de por vida y su liderazgo corporativo.\" \/>\n<meta name=\"robots\" content=\"index, follow, max-snippet:-1, max-image-preview:large, max-video-preview:-1\" \/>\n<link rel=\"canonical\" href=\"https:\/\/popefranciscenter.org\/es\/jim-tobin-aporta-raices-de-detroit-y-toda-una-vida-de-liderazgo-y-servicio-comunitario-a-la-junta-directiva-de-pfc\/\" \/>\n<meta property=\"og:locale\" content=\"es_ES\" \/>\n<meta property=\"og:type\" content=\"article\" \/>\n<meta property=\"og:title\" content=\"Jim Tobin aporta ra\u00edces de Detroit y toda una vida de liderazgo y servicio comunitario a la junta directiva de PFC. - Pope Francis Center\" \/>\n<meta property=\"og:description\" content=\"PFC da la bienvenida a Jim Tobin, nativo de Detroit y ex ejecutivo de Magna International, a su junta directiva, honrando su compromiso comunitario de por vida y su liderazgo corporativo.\" \/>\n<meta property=\"og:url\" content=\"https:\/\/popefranciscenter.org\/es\/jim-tobin-aporta-raices-de-detroit-y-toda-una-vida-de-liderazgo-y-servicio-comunitario-a-la-junta-directiva-de-pfc\/\" \/>\n<meta property=\"og:site_name\" content=\"Pope Francis Center\" \/>\n<meta property=\"article:publisher\" content=\"https:\/\/www.facebook.com\/popefranciscenter\" \/>\n<meta property=\"article:published_time\" content=\"2025-09-02T19:48:24+00:00\" \/>\n<meta property=\"article:modified_time\" content=\"2025-09-19T14:02:31+00:00\" \/>\n<meta property=\"og:image\" content=\"https:\/\/popefranciscenter.org\/wp-content\/uploads\/2025\/09\/Jim-Tobin-social.jpg\" \/>\n\t<meta property=\"og:image:width\" content=\"1081\" \/>\n\t<meta property=\"og:image:height\" content=\"1081\" \/>\n\t<meta property=\"og:image:type\" content=\"image\/jpeg\" \/>\n<meta name=\"author\" content=\"Adrienne Polumbo\" \/>\n<meta name=\"twitter:card\" content=\"summary_large_image\" \/>\n<meta name=\"twitter:label1\" content=\"Written by\" \/>\n\t<meta name=\"twitter:data1\" content=\"Adrienne Polumbo\" \/>\n\t<meta name=\"twitter:label2\" content=\"Est. reading time\" \/>\n\t<meta name=\"twitter:data2\" content=\"2 minutos\" \/>\n<script type=\"application\/ld+json\" class=\"yoast-schema-graph\">{\"@context\":\"https:\\\/\\\/schema.org\",\"@graph\":[{\"@type\":\"Article\",\"@id\":\"https:\\\/\\\/popefranciscenter.org\\\/es\\\/jim-tobin-aporta-raices-de-detroit-y-toda-una-vida-de-liderazgo-y-servicio-comunitario-a-la-junta-directiva-de-pfc\\\/#article\",\"isPartOf\":{\"@id\":\"https:\\\/\\\/popefranciscenter.org\\\/es\\\/jim-tobin-aporta-raices-de-detroit-y-toda-una-vida-de-liderazgo-y-servicio-comunitario-a-la-junta-directiva-de-pfc\\\/\"},\"author\":{\"name\":\"Adrienne Polumbo\",\"@id\":\"https:\\\/\\\/popefranciscenter.org\\\/es\\\/#\\\/schema\\\/person\\\/cb65f27d2b628f6499513a7b11d2135e\"},\"headline\":\"Jim Tobin aporta ra\u00edces de Detroit y toda una vida de liderazgo y servicio comunitario a la junta directiva de PFC.\",\"datePublished\":\"2025-09-02T19:48:24+00:00\",\"dateModified\":\"2025-09-19T14:02:31+00:00\",\"mainEntityOfPage\":{\"@id\":\"https:\\\/\\\/popefranciscenter.org\\\/es\\\/jim-tobin-aporta-raices-de-detroit-y-toda-una-vida-de-liderazgo-y-servicio-comunitario-a-la-junta-directiva-de-pfc\\\/\"},\"wordCount\":346,\"publisher\":{\"@id\":\"https:\\\/\\\/popefranciscenter.org\\\/es\\\/#organization\"},\"image\":{\"@id\":\"https:\\\/\\\/popefranciscenter.org\\\/es\\\/jim-tobin-aporta-raices-de-detroit-y-toda-una-vida-de-liderazgo-y-servicio-comunitario-a-la-junta-directiva-de-pfc\\\/#primaryimage\"},\"thumbnailUrl\":\"https:\\\/\\\/popefranciscenter.org\\\/wp-content\\\/uploads\\\/2025\\\/09\\\/Jim-Tobin-social.webp\",\"articleSection\":[\"Noticias de PFC\"],\"inLanguage\":\"es\"},{\"@type\":\"WebPage\",\"@id\":\"https:\\\/\\\/popefranciscenter.org\\\/es\\\/jim-tobin-aporta-raices-de-detroit-y-toda-una-vida-de-liderazgo-y-servicio-comunitario-a-la-junta-directiva-de-pfc\\\/\",\"url\":\"https:\\\/\\\/popefranciscenter.org\\\/es\\\/jim-tobin-aporta-raices-de-detroit-y-toda-una-vida-de-liderazgo-y-servicio-comunitario-a-la-junta-directiva-de-pfc\\\/\",\"name\":\"Jim Tobin aporta ra\u00edces de Detroit y toda una vida de liderazgo y servicio comunitario a la junta directiva de PFC. - Pope Francis Center\",\"isPartOf\":{\"@id\":\"https:\\\/\\\/popefranciscenter.org\\\/es\\\/#website\"},\"primaryImageOfPage\":{\"@id\":\"https:\\\/\\\/popefranciscenter.org\\\/es\\\/jim-tobin-aporta-raices-de-detroit-y-toda-una-vida-de-liderazgo-y-servicio-comunitario-a-la-junta-directiva-de-pfc\\\/#primaryimage\"},\"image\":{\"@id\":\"https:\\\/\\\/popefranciscenter.org\\\/es\\\/jim-tobin-aporta-raices-de-detroit-y-toda-una-vida-de-liderazgo-y-servicio-comunitario-a-la-junta-directiva-de-pfc\\\/#primaryimage\"},\"thumbnailUrl\":\"https:\\\/\\\/popefranciscenter.org\\\/wp-content\\\/uploads\\\/2025\\\/09\\\/Jim-Tobin-social.webp\",\"datePublished\":\"2025-09-02T19:48:24+00:00\",\"dateModified\":\"2025-09-19T14:02:31+00:00\",\"description\":\"PFC da la bienvenida a Jim Tobin, nativo de Detroit y ex ejecutivo de Magna International, a su junta directiva, honrando su compromiso comunitario de por vida y su liderazgo corporativo.\",\"breadcrumb\":{\"@id\":\"https:\\\/\\\/popefranciscenter.org\\\/es\\\/jim-tobin-aporta-raices-de-detroit-y-toda-una-vida-de-liderazgo-y-servicio-comunitario-a-la-junta-directiva-de-pfc\\\/#breadcrumb\"},\"inLanguage\":\"es\",\"potentialAction\":[{\"@type\":\"ReadAction\",\"target\":[\"https:\\\/\\\/popefranciscenter.org\\\/es\\\/jim-tobin-aporta-raices-de-detroit-y-toda-una-vida-de-liderazgo-y-servicio-comunitario-a-la-junta-directiva-de-pfc\\\/\"]}]},{\"@type\":\"ImageObject\",\"inLanguage\":\"es\",\"@id\":\"https:\\\/\\\/popefranciscenter.org\\\/es\\\/jim-tobin-aporta-raices-de-detroit-y-toda-una-vida-de-liderazgo-y-servicio-comunitario-a-la-junta-directiva-de-pfc\\\/#primaryimage\",\"url\":\"https:\\\/\\\/popefranciscenter.org\\\/wp-content\\\/uploads\\\/2025\\\/09\\\/Jim-Tobin-social.webp\",\"contentUrl\":\"https:\\\/\\\/popefranciscenter.org\\\/wp-content\\\/uploads\\\/2025\\\/09\\\/Jim-Tobin-social.webp\",\"width\":1081,\"height\":1081},{\"@type\":\"BreadcrumbList\",\"@id\":\"https:\\\/\\\/popefranciscenter.org\\\/es\\\/jim-tobin-aporta-raices-de-detroit-y-toda-una-vida-de-liderazgo-y-servicio-comunitario-a-la-junta-directiva-de-pfc\\\/#breadcrumb\",\"itemListElement\":[{\"@type\":\"ListItem\",\"position\":1,\"name\":\"Home\",\"item\":\"https:\\\/\\\/popefranciscenter.org\\\/es\\\/\"},{\"@type\":\"ListItem\",\"position\":2,\"name\":\"Jim Tobin aporta ra\u00edces de Detroit y toda una vida de liderazgo y servicio comunitario a la junta directiva de PFC.\"}]},{\"@type\":\"WebSite\",\"@id\":\"https:\\\/\\\/popefranciscenter.org\\\/es\\\/#website\",\"url\":\"https:\\\/\\\/popefranciscenter.org\\\/es\\\/\",\"name\":\"Pope Francis Center\",\"description\":\"Feeding. Serving. Empowering.\",\"publisher\":{\"@id\":\"https:\\\/\\\/popefranciscenter.org\\\/es\\\/#organization\"},\"potentialAction\":[{\"@type\":\"SearchAction\",\"target\":{\"@type\":\"EntryPoint\",\"urlTemplate\":\"https:\\\/\\\/popefranciscenter.org\\\/es\\\/?s={search_term_string}\"},\"query-input\":{\"@type\":\"PropertyValueSpecification\",\"valueRequired\":true,\"valueName\":\"search_term_string\"}}],\"inLanguage\":\"es\"},{\"@type\":\"Organization\",\"@id\":\"https:\\\/\\\/popefranciscenter.org\\\/es\\\/#organization\",\"name\":\"Centro Papa Francisco\",\"url\":\"https:\\\/\\\/popefranciscenter.org\\\/es\\\/\",\"logo\":{\"@type\":\"ImageObject\",\"inLanguage\":\"es\",\"@id\":\"https:\\\/\\\/popefranciscenter.org\\\/es\\\/#\\\/schema\\\/logo\\\/image\\\/\",\"url\":\"https:\\\/\\\/popefranciscenter.org\\\/wp-content\\\/uploads\\\/2025\\\/02\\\/PFC-Logo-Color.png\",\"contentUrl\":\"https:\\\/\\\/popefranciscenter.org\\\/wp-content\\\/uploads\\\/2025\\\/02\\\/PFC-Logo-Color.png\",\"width\":600,\"height\":378,\"caption\":\"Centro Papa Francisco\"},\"image\":{\"@id\":\"https:\\\/\\\/popefranciscenter.org\\\/es\\\/#\\\/schema\\\/logo\\\/image\\\/\"},\"sameAs\":[\"https:\\\/\\\/www.facebook.com\\\/popefranciscenter\",\"https:\\\/\\\/www.instagram.com\\\/popefranciscenter\\\/\",\"https:\\\/\\\/www.youtube.com\\\/@popefranciscenter\\\/\",\"https:\\\/\\\/www.linkedin.com\\\/company\\\/pope-francis-center\\\/\"]},{\"@type\":\"Person\",\"@id\":\"https:\\\/\\\/popefranciscenter.org\\\/es\\\/#\\\/schema\\\/person\\\/cb65f27d2b628f6499513a7b11d2135e\",\"name\":\"Adrienne Polumbo\",\"url\":\"https:\\\/\\\/popefranciscenter.org\\\/es\\\/author\\\/apolumbo\\\/\"}]}<\/script>\n<!-- \/ Yoast SEO plugin. -->","yoast_head_json":{"title":"Jim Tobin aporta ra\u00edces de Detroit y toda una vida de liderazgo y servicio comunitario a la junta directiva de PFC. - Pope Francis Center","description":"PFC da la bienvenida a Jim Tobin, nativo de Detroit y ex ejecutivo de Magna International, a su junta directiva, honrando su compromiso comunitario de por vida y su liderazgo corporativo.","robots":{"index":"index","follow":"follow","max-snippet":"max-snippet:-1","max-image-preview":"max-image-preview:large","max-video-preview":"max-video-preview:-1"},"canonical":"https:\/\/popefranciscenter.org\/es\/jim-tobin-aporta-raices-de-detroit-y-toda-una-vida-de-liderazgo-y-servicio-comunitario-a-la-junta-directiva-de-pfc\/","og_locale":"es_ES","og_type":"article","og_title":"Jim Tobin aporta ra\u00edces de Detroit y toda una vida de liderazgo y servicio comunitario a la junta directiva de PFC. - Pope Francis Center","og_description":"PFC da la bienvenida a Jim Tobin, nativo de Detroit y ex ejecutivo de Magna International, a su junta directiva, honrando su compromiso comunitario de por vida y su liderazgo corporativo.","og_url":"https:\/\/popefranciscenter.org\/es\/jim-tobin-aporta-raices-de-detroit-y-toda-una-vida-de-liderazgo-y-servicio-comunitario-a-la-junta-directiva-de-pfc\/","og_site_name":"Pope Francis Center","article_publisher":"https:\/\/www.facebook.com\/popefranciscenter","article_published_time":"2025-09-02T19:48:24+00:00","article_modified_time":"2025-09-19T14:02:31+00:00","og_image":[{"width":1081,"height":1081,"url":"https:\/\/popefranciscenter.org\/wp-content\/uploads\/2025\/09\/Jim-Tobin-social.jpg","type":"image\/jpeg"}],"author":"Adrienne Polumbo","twitter_card":"summary_large_image","twitter_misc":{"Written by":"Adrienne Polumbo","Est. reading time":"2 minutos"},"schema":{"@context":"https:\/\/schema.org","@graph":[{"@type":"Article","@id":"https:\/\/popefranciscenter.org\/es\/jim-tobin-aporta-raices-de-detroit-y-toda-una-vida-de-liderazgo-y-servicio-comunitario-a-la-junta-directiva-de-pfc\/#article","isPartOf":{"@id":"https:\/\/popefranciscenter.org\/es\/jim-tobin-aporta-raices-de-detroit-y-toda-una-vida-de-liderazgo-y-servicio-comunitario-a-la-junta-directiva-de-pfc\/"},"author":{"name":"Adrienne Polumbo","@id":"https:\/\/popefranciscenter.org\/es\/#\/schema\/person\/cb65f27d2b628f6499513a7b11d2135e"},"headline":"Jim Tobin aporta ra\u00edces de Detroit y toda una vida de liderazgo y servicio comunitario a la junta directiva de PFC.","datePublished":"2025-09-02T19:48:24+00:00","dateModified":"2025-09-19T14:02:31+00:00","mainEntityOfPage":{"@id":"https:\/\/popefranciscenter.org\/es\/jim-tobin-aporta-raices-de-detroit-y-toda-una-vida-de-liderazgo-y-servicio-comunitario-a-la-junta-directiva-de-pfc\/"},"wordCount":346,"publisher":{"@id":"https:\/\/popefranciscenter.org\/es\/#organization"},"image":{"@id":"https:\/\/popefranciscenter.org\/es\/jim-tobin-aporta-raices-de-detroit-y-toda-una-vida-de-liderazgo-y-servicio-comunitario-a-la-junta-directiva-de-pfc\/#primaryimage"},"thumbnailUrl":"https:\/\/popefranciscenter.org\/wp-content\/uploads\/2025\/09\/Jim-Tobin-social.webp","articleSection":["Noticias de PFC"],"inLanguage":"es"},{"@type":"WebPage","@id":"https:\/\/popefranciscenter.org\/es\/jim-tobin-aporta-raices-de-detroit-y-toda-una-vida-de-liderazgo-y-servicio-comunitario-a-la-junta-directiva-de-pfc\/","url":"https:\/\/popefranciscenter.org\/es\/jim-tobin-aporta-raices-de-detroit-y-toda-una-vida-de-liderazgo-y-servicio-comunitario-a-la-junta-directiva-de-pfc\/","name":"Jim Tobin aporta ra\u00edces de Detroit y toda una vida de liderazgo y servicio comunitario a la junta directiva de PFC. - Pope Francis Center","isPartOf":{"@id":"https:\/\/popefranciscenter.org\/es\/#website"},"primaryImageOfPage":{"@id":"https:\/\/popefranciscenter.org\/es\/jim-tobin-aporta-raices-de-detroit-y-toda-una-vida-de-liderazgo-y-servicio-comunitario-a-la-junta-directiva-de-pfc\/#primaryimage"},"image":{"@id":"https:\/\/popefranciscenter.org\/es\/jim-tobin-aporta-raices-de-detroit-y-toda-una-vida-de-liderazgo-y-servicio-comunitario-a-la-junta-directiva-de-pfc\/#primaryimage"},"thumbnailUrl":"https:\/\/popefranciscenter.org\/wp-content\/uploads\/2025\/09\/Jim-Tobin-social.webp","datePublished":"2025-09-02T19:48:24+00:00","dateModified":"2025-09-19T14:02:31+00:00","description":"PFC da la bienvenida a Jim Tobin, nativo de Detroit y ex ejecutivo de Magna International, a su junta directiva, honrando su compromiso comunitario de por vida y su liderazgo corporativo.","breadcrumb":{"@id":"https:\/\/popefranciscenter.org\/es\/jim-tobin-aporta-raices-de-detroit-y-toda-una-vida-de-liderazgo-y-servicio-comunitario-a-la-junta-directiva-de-pfc\/#breadcrumb"},"inLanguage":"es","potentialAction":[{"@type":"ReadAction","target":["https:\/\/popefranciscenter.org\/es\/jim-tobin-aporta-raices-de-detroit-y-toda-una-vida-de-liderazgo-y-servicio-comunitario-a-la-junta-directiva-de-pfc\/"]}]},{"@type":"ImageObject","inLanguage":"es","@id":"https:\/\/popefranciscenter.org\/es\/jim-tobin-aporta-raices-de-detroit-y-toda-una-vida-de-liderazgo-y-servicio-comunitario-a-la-junta-directiva-de-pfc\/#primaryimage","url":"https:\/\/popefranciscenter.org\/wp-content\/uploads\/2025\/09\/Jim-Tobin-social.webp","contentUrl":"https:\/\/popefranciscenter.org\/wp-content\/uploads\/2025\/09\/Jim-Tobin-social.webp","width":1081,"height":1081},{"@type":"BreadcrumbList","@id":"https:\/\/popefranciscenter.org\/es\/jim-tobin-aporta-raices-de-detroit-y-toda-una-vida-de-liderazgo-y-servicio-comunitario-a-la-junta-directiva-de-pfc\/#breadcrumb","itemListElement":[{"@type":"ListItem","position":1,"name":"Home","item":"https:\/\/popefranciscenter.org\/es\/"},{"@type":"ListItem","position":2,"name":"Jim Tobin aporta ra\u00edces de Detroit y toda una vida de liderazgo y servicio comunitario a la junta directiva de PFC."}]},{"@type":"WebSite","@id":"https:\/\/popefranciscenter.org\/es\/#website","url":"https:\/\/popefranciscenter.org\/es\/","name":"Pope Francis Center","description":"Feeding. Serving. Empowering.","publisher":{"@id":"https:\/\/popefranciscenter.org\/es\/#organization"},"potentialAction":[{"@type":"SearchAction","target":{"@type":"EntryPoint","urlTemplate":"https:\/\/popefranciscenter.org\/es\/?s={search_term_string}"},"query-input":{"@type":"PropertyValueSpecification","valueRequired":true,"valueName":"search_term_string"}}],"inLanguage":"es"},{"@type":"Organization","@id":"https:\/\/popefranciscenter.org\/es\/#organization","name":"Centro Papa Francisco","url":"https:\/\/popefranciscenter.org\/es\/","logo":{"@type":"ImageObject","inLanguage":"es","@id":"https:\/\/popefranciscenter.org\/es\/#\/schema\/logo\/image\/","url":"https:\/\/popefranciscenter.org\/wp-content\/uploads\/2025\/02\/PFC-Logo-Color.png","contentUrl":"https:\/\/popefranciscenter.org\/wp-content\/uploads\/2025\/02\/PFC-Logo-Color.png","width":600,"height":378,"caption":"Centro Papa Francisco"},"image":{"@id":"https:\/\/popefranciscenter.org\/es\/#\/schema\/logo\/image\/"},"sameAs":["https:\/\/www.facebook.com\/popefranciscenter","https:\/\/www.instagram.com\/popefranciscenter\/","https:\/\/www.youtube.com\/@popefranciscenter\/","https:\/\/www.linkedin.com\/company\/pope-francis-center\/"]},{"@type":"Person","@id":"https:\/\/popefranciscenter.org\/es\/#\/schema\/person\/cb65f27d2b628f6499513a7b11d2135e","name":"Adrienne Polumbo","url":"https:\/\/popefranciscenter.org\/es\/author\/apolumbo\/"}]}},"_links":{"self":[{"href":"https:\/\/popefranciscenter.org\/es\/wp-json\/wp\/v2\/posts\/3601","targetHints":{"allow":["GET"]}}],"collection":[{"href":"https:\/\/popefranciscenter.org\/es\/wp-json\/wp\/v2\/posts"}],"about":[{"href":"https:\/\/popefranciscenter.org\/es\/wp-json\/wp\/v2\/types\/post"}],"author":[{"embeddable":true,"href":"https:\/\/popefranciscenter.org\/es\/wp-json\/wp\/v2\/users\/12"}],"replies":[{"embeddable":true,"href":"https:\/\/popefranciscenter.org\/es\/wp-json\/wp\/v2\/comments?post=3601"}],"version-history":[{"count":0,"href":"https:\/\/popefranciscenter.org\/es\/wp-json\/wp\/v2\/posts\/3601\/revisions"}],"wp:featuredmedia":[{"embeddable":true,"href":"https:\/\/popefranciscenter.org\/es\/wp-json\/wp\/v2\/media\/3600"}],"wp:attachment":[{"href":"https:\/\/popefranciscenter.org\/es\/wp-json\/wp\/v2\/media?parent=3601"}],"wp:term":[{"taxonomy":"category","embeddable":true,"href":"https:\/\/popefranciscenter.org\/es\/wp-json\/wp\/v2\/categories?post=3601"},{"taxonomy":"post_tag","embeddable":true,"href":"https:\/\/popefranciscenter.org\/es\/wp-json\/wp\/v2\/tags?post=3601"}],"curies":[{"name":"wp","href":"https:\/\/api.w.org\/{rel}","templated":true}]}}