{"id":3725,"date":"2026-01-08T08:00:59","date_gmt":"2026-01-08T13:00:59","guid":{"rendered":"https:\/\/popefranciscenter.org\/una-visita-significativa-a-bridge-housing-dando-la-bienvenida-a-jim-farley\/"},"modified":"2026-01-09T11:24:32","modified_gmt":"2026-01-09T16:24:32","slug":"una-visita-significativa-a-bridge-housing-dando-la-bienvenida-a-jim-farley","status":"publish","type":"post","link":"https:\/\/popefranciscenter.org\/es\/una-visita-significativa-a-bridge-housing-dando-la-bienvenida-a-jim-farley\/","title":{"rendered":"Una visita significativa a Bridge Housing: Dando la bienvenida a Jim Farley"},"content":{"rendered":"<p><span style=\"font-weight: 400;\">Jim Farley, presidente y CEO de Ford Motor Company, ha sido durante mucho tiempo un dedicado defensor del Pope Francis Center, ofreciendo su tiempo como voluntario y brindando un generoso apoyo financiero al servicio de nuestra misi\u00f3n. Nos sentimos honrados de darle la bienvenida de nuevo a nuestro campus de Bridge Housing para una visita que destac\u00f3 la importancia del servicio y la comunidad para hacer avanzar nuestra misi\u00f3n. <\/span><\/p>\n<p><span style=\"font-weight: 400;\">Uno de los momentos m\u00e1s significativos de la visita fue la presentaci\u00f3n de un regalo artesanal del residente de Bridge Housing, Allan Webster: un modelo de un Ford Model T hecho completamente con removedores de caf\u00e9 y materiales encontrados. La pieza reflejaba una creatividad y un cuidado notables, y sirvi\u00f3 como un atento gui\u00f1o a la historia y el legado de innovaci\u00f3n de Ford. El Sr. Farley comparti\u00f3 que el regalo se exhibir\u00eda con orgullo en su oficina en la nueva sede mundial de Ford Motor Company.  <\/span><\/p>\n<p><span style=\"font-weight: 400;\">Este gesto captur\u00f3 el esp\u00edritu de Bridge Housing y los talentos que nuestros residentes traen consigo. Cuando a las personas se les brinda seguridad, apoyo y respeto, su creatividad y potencial pueden brillar. Se les brinda la oportunidad de alcanzar su m\u00e1ximo potencial.  <\/span><\/p>\n<p><span style=\"font-weight: 400;\">Agradecemos el continuo compromiso del Sr. Farley con el Pope Francis Center y su continua colaboraci\u00f3n para promover soluciones a la falta de vivienda.<\/span><\/p>\n<p><span style=\"font-weight: 400;\">Para obtener m\u00e1s informaci\u00f3n, consulte la cobertura medi\u00e1tica relacionada con esta visita que se encuentra a continuaci\u00f3n.<\/span><\/p>\n<p><a href=\"https:\/\/www.freep.com\/story\/money\/cars\/ford\/2025\/12\/25\/ford-ceo-jim-farleys-plea-to-michiganders-help-is-needed\/87794700007\/\" target=\"_blank\" rel=\"noopener\"><i><span style=\"font-weight: 400;\">Detroit Free Press: A medida que aumentan las necesidades de las personas sin hogar de Detroit, el CEO de Ford dice que es hora de ayudar<\/span><\/i><\/a><i><span style=\"font-weight: 400;\"><br \/>\n<\/span><\/i><\/p>\n<p><a href=\"https:\/\/www.freep.com\/story\/money\/cars\/ford\/2025\/12\/25\/pope-francis-center-resident-gift-ford-ceo-jim-farley\/87833193007\/\" target=\"_blank\" rel=\"noopener\"><i><span style=\"font-weight: 400;\">Detroit Free Press: La historia detr\u00e1s de un regalo inesperado que un hombre sin hogar le dio a Jim Farley<\/span><\/i><\/a><\/p>\n","protected":false},"excerpt":{"rendered":"<p>Jim Farley, presidente y CEO de Ford Motor Company, ha  [&#8230;]<\/p>\n","protected":false},"author":7,"featured_media":3722,"comment_status":"closed","ping_status":"open","sticky":false,"template":"","format":"standard","meta":{"footnotes":""},"categories":[40,41],"tags":[],"class_list":["post-3725","post","type-post","status-publish","format-standard","has-post-thumbnail","hentry","category-en-las-noticias","category-noticias-de-pfc"],"yoast_head":"<!-- This site is optimized with the Yoast SEO plugin v27.4 - https:\/\/yoast.com\/product\/yoast-seo-wordpress\/ -->\n<title>Una visita significativa a Bridge Housing: Dando la bienvenida a Jim Farley - Pope Francis Center<\/title>\n<meta name=\"robots\" content=\"index, follow, max-snippet:-1, max-image-preview:large, max-video-preview:-1\" \/>\n<link rel=\"canonical\" href=\"https:\/\/popefranciscenter.org\/es\/una-visita-significativa-a-bridge-housing-dando-la-bienvenida-a-jim-farley\/\" \/>\n<meta property=\"og:locale\" content=\"es_ES\" \/>\n<meta property=\"og:type\" content=\"article\" \/>\n<meta property=\"og:title\" content=\"Una visita significativa a Bridge Housing: Dando la bienvenida a Jim Farley - Pope Francis Center\" \/>\n<meta property=\"og:description\" content=\"Jim Farley, presidente y CEO de Ford Motor Company, ha [...]\" \/>\n<meta property=\"og:url\" content=\"https:\/\/popefranciscenter.org\/es\/una-visita-significativa-a-bridge-housing-dando-la-bienvenida-a-jim-farley\/\" \/>\n<meta property=\"og:site_name\" content=\"Pope Francis Center\" \/>\n<meta property=\"article:publisher\" content=\"https:\/\/www.facebook.com\/popefranciscenter\" \/>\n<meta property=\"article:published_time\" content=\"2026-01-08T13:00:59+00:00\" \/>\n<meta property=\"article:modified_time\" content=\"2026-01-09T16:24:32+00:00\" \/>\n<meta property=\"og:image\" content=\"https:\/\/popefranciscenter.org\/wp-content\/uploads\/2026\/01\/DSC_0073-Large.jpeg\" \/>\n\t<meta property=\"og:image:width\" content=\"1280\" \/>\n\t<meta property=\"og:image:height\" content=\"1280\" \/>\n\t<meta property=\"og:image:type\" content=\"image\/jpeg\" \/>\n<meta name=\"author\" content=\"Jamie Crudo\" \/>\n<meta name=\"twitter:card\" content=\"summary_large_image\" \/>\n<meta name=\"twitter:label1\" content=\"Written by\" \/>\n\t<meta name=\"twitter:data1\" content=\"Jamie Crudo\" \/>\n\t<meta name=\"twitter:label2\" content=\"Est. reading time\" \/>\n\t<meta name=\"twitter:data2\" content=\"2 minutos\" \/>\n<script type=\"application\/ld+json\" class=\"yoast-schema-graph\">{\"@context\":\"https:\\\/\\\/schema.org\",\"@graph\":[{\"@type\":\"Article\",\"@id\":\"https:\\\/\\\/popefranciscenter.org\\\/es\\\/una-visita-significativa-a-bridge-housing-dando-la-bienvenida-a-jim-farley\\\/#article\",\"isPartOf\":{\"@id\":\"https:\\\/\\\/popefranciscenter.org\\\/es\\\/una-visita-significativa-a-bridge-housing-dando-la-bienvenida-a-jim-farley\\\/\"},\"author\":{\"name\":\"Jamie Crudo\",\"@id\":\"https:\\\/\\\/popefranciscenter.org\\\/es\\\/#\\\/schema\\\/person\\\/51718cd493f5f6e2e4acdf7b114e17d6\"},\"headline\":\"Una visita significativa a Bridge Housing: Dando la bienvenida a Jim Farley\",\"datePublished\":\"2026-01-08T13:00:59+00:00\",\"dateModified\":\"2026-01-09T16:24:32+00:00\",\"mainEntityOfPage\":{\"@id\":\"https:\\\/\\\/popefranciscenter.org\\\/es\\\/una-visita-significativa-a-bridge-housing-dando-la-bienvenida-a-jim-farley\\\/\"},\"wordCount\":313,\"publisher\":{\"@id\":\"https:\\\/\\\/popefranciscenter.org\\\/es\\\/#organization\"},\"image\":{\"@id\":\"https:\\\/\\\/popefranciscenter.org\\\/es\\\/una-visita-significativa-a-bridge-housing-dando-la-bienvenida-a-jim-farley\\\/#primaryimage\"},\"thumbnailUrl\":\"https:\\\/\\\/popefranciscenter.org\\\/wp-content\\\/uploads\\\/2026\\\/01\\\/DSC_0073-Large.webp\",\"articleSection\":[\"En las noticias\",\"Noticias de PFC\"],\"inLanguage\":\"es\"},{\"@type\":\"WebPage\",\"@id\":\"https:\\\/\\\/popefranciscenter.org\\\/es\\\/una-visita-significativa-a-bridge-housing-dando-la-bienvenida-a-jim-farley\\\/\",\"url\":\"https:\\\/\\\/popefranciscenter.org\\\/es\\\/una-visita-significativa-a-bridge-housing-dando-la-bienvenida-a-jim-farley\\\/\",\"name\":\"Una visita significativa a Bridge Housing: Dando la bienvenida a Jim Farley - Pope Francis Center\",\"isPartOf\":{\"@id\":\"https:\\\/\\\/popefranciscenter.org\\\/es\\\/#website\"},\"primaryImageOfPage\":{\"@id\":\"https:\\\/\\\/popefranciscenter.org\\\/es\\\/una-visita-significativa-a-bridge-housing-dando-la-bienvenida-a-jim-farley\\\/#primaryimage\"},\"image\":{\"@id\":\"https:\\\/\\\/popefranciscenter.org\\\/es\\\/una-visita-significativa-a-bridge-housing-dando-la-bienvenida-a-jim-farley\\\/#primaryimage\"},\"thumbnailUrl\":\"https:\\\/\\\/popefranciscenter.org\\\/wp-content\\\/uploads\\\/2026\\\/01\\\/DSC_0073-Large.webp\",\"datePublished\":\"2026-01-08T13:00:59+00:00\",\"dateModified\":\"2026-01-09T16:24:32+00:00\",\"breadcrumb\":{\"@id\":\"https:\\\/\\\/popefranciscenter.org\\\/es\\\/una-visita-significativa-a-bridge-housing-dando-la-bienvenida-a-jim-farley\\\/#breadcrumb\"},\"inLanguage\":\"es\",\"potentialAction\":[{\"@type\":\"ReadAction\",\"target\":[\"https:\\\/\\\/popefranciscenter.org\\\/es\\\/una-visita-significativa-a-bridge-housing-dando-la-bienvenida-a-jim-farley\\\/\"]}]},{\"@type\":\"ImageObject\",\"inLanguage\":\"es\",\"@id\":\"https:\\\/\\\/popefranciscenter.org\\\/es\\\/una-visita-significativa-a-bridge-housing-dando-la-bienvenida-a-jim-farley\\\/#primaryimage\",\"url\":\"https:\\\/\\\/popefranciscenter.org\\\/wp-content\\\/uploads\\\/2026\\\/01\\\/DSC_0073-Large.webp\",\"contentUrl\":\"https:\\\/\\\/popefranciscenter.org\\\/wp-content\\\/uploads\\\/2026\\\/01\\\/DSC_0073-Large.webp\",\"width\":1280,\"height\":1280},{\"@type\":\"BreadcrumbList\",\"@id\":\"https:\\\/\\\/popefranciscenter.org\\\/es\\\/una-visita-significativa-a-bridge-housing-dando-la-bienvenida-a-jim-farley\\\/#breadcrumb\",\"itemListElement\":[{\"@type\":\"ListItem\",\"position\":1,\"name\":\"Home\",\"item\":\"https:\\\/\\\/popefranciscenter.org\\\/es\\\/\"},{\"@type\":\"ListItem\",\"position\":2,\"name\":\"Una visita significativa a Bridge Housing: Dando la bienvenida a Jim Farley\"}]},{\"@type\":\"WebSite\",\"@id\":\"https:\\\/\\\/popefranciscenter.org\\\/es\\\/#website\",\"url\":\"https:\\\/\\\/popefranciscenter.org\\\/es\\\/\",\"name\":\"Pope Francis Center\",\"description\":\"Feeding. Serving. Empowering.\",\"publisher\":{\"@id\":\"https:\\\/\\\/popefranciscenter.org\\\/es\\\/#organization\"},\"potentialAction\":[{\"@type\":\"SearchAction\",\"target\":{\"@type\":\"EntryPoint\",\"urlTemplate\":\"https:\\\/\\\/popefranciscenter.org\\\/es\\\/?s={search_term_string}\"},\"query-input\":{\"@type\":\"PropertyValueSpecification\",\"valueRequired\":true,\"valueName\":\"search_term_string\"}}],\"inLanguage\":\"es\"},{\"@type\":\"Organization\",\"@id\":\"https:\\\/\\\/popefranciscenter.org\\\/es\\\/#organization\",\"name\":\"Centro Papa Francisco\",\"url\":\"https:\\\/\\\/popefranciscenter.org\\\/es\\\/\",\"logo\":{\"@type\":\"ImageObject\",\"inLanguage\":\"es\",\"@id\":\"https:\\\/\\\/popefranciscenter.org\\\/es\\\/#\\\/schema\\\/logo\\\/image\\\/\",\"url\":\"https:\\\/\\\/popefranciscenter.org\\\/wp-content\\\/uploads\\\/2025\\\/02\\\/PFC-Logo-Color.png\",\"contentUrl\":\"https:\\\/\\\/popefranciscenter.org\\\/wp-content\\\/uploads\\\/2025\\\/02\\\/PFC-Logo-Color.png\",\"width\":600,\"height\":378,\"caption\":\"Centro Papa Francisco\"},\"image\":{\"@id\":\"https:\\\/\\\/popefranciscenter.org\\\/es\\\/#\\\/schema\\\/logo\\\/image\\\/\"},\"sameAs\":[\"https:\\\/\\\/www.facebook.com\\\/popefranciscenter\",\"https:\\\/\\\/www.instagram.com\\\/popefranciscenter\\\/\",\"https:\\\/\\\/www.youtube.com\\\/@popefranciscenter\\\/\",\"https:\\\/\\\/www.linkedin.com\\\/company\\\/pope-francis-center\\\/\"]},{\"@type\":\"Person\",\"@id\":\"https:\\\/\\\/popefranciscenter.org\\\/es\\\/#\\\/schema\\\/person\\\/51718cd493f5f6e2e4acdf7b114e17d6\",\"name\":\"Jamie Crudo\",\"url\":\"https:\\\/\\\/popefranciscenter.org\\\/es\\\/author\\\/jamie\\\/\"}]}<\/script>\n<!-- \/ Yoast SEO plugin. -->","yoast_head_json":{"title":"Una visita significativa a Bridge Housing: Dando la bienvenida a Jim Farley - Pope Francis Center","robots":{"index":"index","follow":"follow","max-snippet":"max-snippet:-1","max-image-preview":"max-image-preview:large","max-video-preview":"max-video-preview:-1"},"canonical":"https:\/\/popefranciscenter.org\/es\/una-visita-significativa-a-bridge-housing-dando-la-bienvenida-a-jim-farley\/","og_locale":"es_ES","og_type":"article","og_title":"Una visita significativa a Bridge Housing: Dando la bienvenida a Jim Farley - Pope Francis Center","og_description":"Jim Farley, presidente y CEO de Ford Motor Company, ha [...]","og_url":"https:\/\/popefranciscenter.org\/es\/una-visita-significativa-a-bridge-housing-dando-la-bienvenida-a-jim-farley\/","og_site_name":"Pope Francis Center","article_publisher":"https:\/\/www.facebook.com\/popefranciscenter","article_published_time":"2026-01-08T13:00:59+00:00","article_modified_time":"2026-01-09T16:24:32+00:00","og_image":[{"width":1280,"height":1280,"url":"https:\/\/popefranciscenter.org\/wp-content\/uploads\/2026\/01\/DSC_0073-Large.jpeg","type":"image\/jpeg"}],"author":"Jamie Crudo","twitter_card":"summary_large_image","twitter_misc":{"Written by":"Jamie Crudo","Est. reading time":"2 minutos"},"schema":{"@context":"https:\/\/schema.org","@graph":[{"@type":"Article","@id":"https:\/\/popefranciscenter.org\/es\/una-visita-significativa-a-bridge-housing-dando-la-bienvenida-a-jim-farley\/#article","isPartOf":{"@id":"https:\/\/popefranciscenter.org\/es\/una-visita-significativa-a-bridge-housing-dando-la-bienvenida-a-jim-farley\/"},"author":{"name":"Jamie Crudo","@id":"https:\/\/popefranciscenter.org\/es\/#\/schema\/person\/51718cd493f5f6e2e4acdf7b114e17d6"},"headline":"Una visita significativa a Bridge Housing: Dando la bienvenida a Jim Farley","datePublished":"2026-01-08T13:00:59+00:00","dateModified":"2026-01-09T16:24:32+00:00","mainEntityOfPage":{"@id":"https:\/\/popefranciscenter.org\/es\/una-visita-significativa-a-bridge-housing-dando-la-bienvenida-a-jim-farley\/"},"wordCount":313,"publisher":{"@id":"https:\/\/popefranciscenter.org\/es\/#organization"},"image":{"@id":"https:\/\/popefranciscenter.org\/es\/una-visita-significativa-a-bridge-housing-dando-la-bienvenida-a-jim-farley\/#primaryimage"},"thumbnailUrl":"https:\/\/popefranciscenter.org\/wp-content\/uploads\/2026\/01\/DSC_0073-Large.webp","articleSection":["En las noticias","Noticias de PFC"],"inLanguage":"es"},{"@type":"WebPage","@id":"https:\/\/popefranciscenter.org\/es\/una-visita-significativa-a-bridge-housing-dando-la-bienvenida-a-jim-farley\/","url":"https:\/\/popefranciscenter.org\/es\/una-visita-significativa-a-bridge-housing-dando-la-bienvenida-a-jim-farley\/","name":"Una visita significativa a Bridge Housing: Dando la bienvenida a Jim Farley - Pope Francis Center","isPartOf":{"@id":"https:\/\/popefranciscenter.org\/es\/#website"},"primaryImageOfPage":{"@id":"https:\/\/popefranciscenter.org\/es\/una-visita-significativa-a-bridge-housing-dando-la-bienvenida-a-jim-farley\/#primaryimage"},"image":{"@id":"https:\/\/popefranciscenter.org\/es\/una-visita-significativa-a-bridge-housing-dando-la-bienvenida-a-jim-farley\/#primaryimage"},"thumbnailUrl":"https:\/\/popefranciscenter.org\/wp-content\/uploads\/2026\/01\/DSC_0073-Large.webp","datePublished":"2026-01-08T13:00:59+00:00","dateModified":"2026-01-09T16:24:32+00:00","breadcrumb":{"@id":"https:\/\/popefranciscenter.org\/es\/una-visita-significativa-a-bridge-housing-dando-la-bienvenida-a-jim-farley\/#breadcrumb"},"inLanguage":"es","potentialAction":[{"@type":"ReadAction","target":["https:\/\/popefranciscenter.org\/es\/una-visita-significativa-a-bridge-housing-dando-la-bienvenida-a-jim-farley\/"]}]},{"@type":"ImageObject","inLanguage":"es","@id":"https:\/\/popefranciscenter.org\/es\/una-visita-significativa-a-bridge-housing-dando-la-bienvenida-a-jim-farley\/#primaryimage","url":"https:\/\/popefranciscenter.org\/wp-content\/uploads\/2026\/01\/DSC_0073-Large.webp","contentUrl":"https:\/\/popefranciscenter.org\/wp-content\/uploads\/2026\/01\/DSC_0073-Large.webp","width":1280,"height":1280},{"@type":"BreadcrumbList","@id":"https:\/\/popefranciscenter.org\/es\/una-visita-significativa-a-bridge-housing-dando-la-bienvenida-a-jim-farley\/#breadcrumb","itemListElement":[{"@type":"ListItem","position":1,"name":"Home","item":"https:\/\/popefranciscenter.org\/es\/"},{"@type":"ListItem","position":2,"name":"Una visita significativa a Bridge Housing: Dando la bienvenida a Jim Farley"}]},{"@type":"WebSite","@id":"https:\/\/popefranciscenter.org\/es\/#website","url":"https:\/\/popefranciscenter.org\/es\/","name":"Pope Francis Center","description":"Feeding. Serving. Empowering.","publisher":{"@id":"https:\/\/popefranciscenter.org\/es\/#organization"},"potentialAction":[{"@type":"SearchAction","target":{"@type":"EntryPoint","urlTemplate":"https:\/\/popefranciscenter.org\/es\/?s={search_term_string}"},"query-input":{"@type":"PropertyValueSpecification","valueRequired":true,"valueName":"search_term_string"}}],"inLanguage":"es"},{"@type":"Organization","@id":"https:\/\/popefranciscenter.org\/es\/#organization","name":"Centro Papa Francisco","url":"https:\/\/popefranciscenter.org\/es\/","logo":{"@type":"ImageObject","inLanguage":"es","@id":"https:\/\/popefranciscenter.org\/es\/#\/schema\/logo\/image\/","url":"https:\/\/popefranciscenter.org\/wp-content\/uploads\/2025\/02\/PFC-Logo-Color.png","contentUrl":"https:\/\/popefranciscenter.org\/wp-content\/uploads\/2025\/02\/PFC-Logo-Color.png","width":600,"height":378,"caption":"Centro Papa Francisco"},"image":{"@id":"https:\/\/popefranciscenter.org\/es\/#\/schema\/logo\/image\/"},"sameAs":["https:\/\/www.facebook.com\/popefranciscenter","https:\/\/www.instagram.com\/popefranciscenter\/","https:\/\/www.youtube.com\/@popefranciscenter\/","https:\/\/www.linkedin.com\/company\/pope-francis-center\/"]},{"@type":"Person","@id":"https:\/\/popefranciscenter.org\/es\/#\/schema\/person\/51718cd493f5f6e2e4acdf7b114e17d6","name":"Jamie Crudo","url":"https:\/\/popefranciscenter.org\/es\/author\/jamie\/"}]}},"_links":{"self":[{"href":"https:\/\/popefranciscenter.org\/es\/wp-json\/wp\/v2\/posts\/3725","targetHints":{"allow":["GET"]}}],"collection":[{"href":"https:\/\/popefranciscenter.org\/es\/wp-json\/wp\/v2\/posts"}],"about":[{"href":"https:\/\/popefranciscenter.org\/es\/wp-json\/wp\/v2\/types\/post"}],"author":[{"embeddable":true,"href":"https:\/\/popefranciscenter.org\/es\/wp-json\/wp\/v2\/users\/7"}],"replies":[{"embeddable":true,"href":"https:\/\/popefranciscenter.org\/es\/wp-json\/wp\/v2\/comments?post=3725"}],"version-history":[{"count":0,"href":"https:\/\/popefranciscenter.org\/es\/wp-json\/wp\/v2\/posts\/3725\/revisions"}],"wp:featuredmedia":[{"embeddable":true,"href":"https:\/\/popefranciscenter.org\/es\/wp-json\/wp\/v2\/media\/3722"}],"wp:attachment":[{"href":"https:\/\/popefranciscenter.org\/es\/wp-json\/wp\/v2\/media?parent=3725"}],"wp:term":[{"taxonomy":"category","embeddable":true,"href":"https:\/\/popefranciscenter.org\/es\/wp-json\/wp\/v2\/categories?post=3725"},{"taxonomy":"post_tag","embeddable":true,"href":"https:\/\/popefranciscenter.org\/es\/wp-json\/wp\/v2\/tags?post=3725"}],"curies":[{"name":"wp","href":"https:\/\/api.w.org\/{rel}","templated":true}]}}