{"id":3806,"date":"2026-03-11T11:10:54","date_gmt":"2026-03-11T15:10:54","guid":{"rendered":"https:\/\/popefranciscenter.org\/una-historia-compartida-de-servicio-jim-farley-ford-motor-company-y-un-regalo-para-el-papa-leon\/"},"modified":"2026-03-11T11:10:54","modified_gmt":"2026-03-11T15:10:54","slug":"una-historia-compartida-de-servicio-jim-farley-ford-motor-company-y-un-regalo-para-el-papa-leon","status":"publish","type":"post","link":"https:\/\/popefranciscenter.org\/es\/una-historia-compartida-de-servicio-jim-farley-ford-motor-company-y-un-regalo-para-el-papa-leon\/","title":{"rendered":"Una historia compartida de servicio: Jim Farley, Ford Motor Company y un regalo para el papa Le\u00f3n"},"content":{"rendered":"<p><span style=\"font-weight: 400;\">Un art\u00edculo reciente de la periodista Phoebe Wall Howard ofrece una mirada entre bastidores a un momento extraordinario que conecta a Ford Motor Company, su CEO Jim Farley y el Vaticano. El art\u00edculo detalla la entrega de un Ford Explorer personalizado al papa Le\u00f3n por parte de Jim Farley, un gesto \u00fanico que refleja tanto innovaci\u00f3n como buena voluntad. <\/span><\/p>\n<p><span style=\"font-weight: 400;\">Para quienes formamos parte del Pope Francis Center, esta historia es especialmente significativa.<\/span><\/p>\n<p><span style=\"font-weight: 400;\">Jim Farley y Ford Motor Company han sido amigos y colaboradores de nuestra misi\u00f3n de servir a los habitantes de Detroit que sufren la falta de vivienda desde hace mucho tiempo. A lo largo de los a\u00f1os, Farley ha trabajado como voluntario junto a nuestro equipo y ha ayudado a defender la labor que se realiza en el PFC, ayudando a que los hu\u00e9spedes vean atendidas sus necesidades b\u00e1sicas y encuentren, al mismo tiempo, un camino hacia la estabilidad. <\/span><\/p>\n<p><span style=\"font-weight: 400;\">Ford tambi\u00e9n ha desempe\u00f1ado un papel especial a la hora de compartir nuestra historia. En 2021, Ford cre\u00f3 un Ford Bronco personalizado con la marca del Pope Francis Center, lo que ayud\u00f3 a dar visibilidad a nuestra misi\u00f3n y a la dignidad de las personas a las que servimos. <\/span><\/p>\n<p><span style=\"font-weight: 400;\">Ver a Farley conectado ahora con el papa Le\u00f3n a trav\u00e9s de este reciente momento es un recordatorio de c\u00f3mo el servicio y el liderazgo pueden llegar a todas las comunidades, desde Detroit hasta el Vaticano.<\/span><\/p>\n<p><span style=\"font-weight: 400;\">Estamos agradecidos por defensores como Jim Farley y socios como Ford Motor Company, que siguen apoyando al Pope Francis Center y a las miles de personas a las que servimos cada a\u00f1o.<\/span><\/p>\n<p><b>Lee el art\u00edculo completo:<\/b><b><br \/>\n<\/b> <i><span style=\"font-weight: 400;\">Phoebe Wall Howard, <\/span><\/i><a href=\"https:\/\/phoebewallhoward.substack.com\/p\/jim-farley-behind-the-scenes-with\"><i><span style=\"font-weight: 400;\">\u201cJim Farley: entre bastidores con el papa Le\u00f3n\u201d<\/span><\/i><\/a><\/p>\n<p><b>M\u00e1s cobertura sobre el regalo del Ford Explorer al papa Le\u00f3n:<\/b><\/p>\n<ul>\n<li><span style=\"font-weight: 400;\">6 de marzo de 2026: <\/span><a href=\"https:\/\/www.freep.com\/story\/money\/cars\/ford\/2026\/03\/06\/secret-vehicle-ford-workers-built-for-pope-leo\/88988033007\/\"><span style=\"font-weight: 400;\">El veh\u00edculo secreto que Ford fabric\u00f3 y que el CEO Farley acaba de regalar al papa Le\u00f3n<\/span><\/a><span style=\"font-weight: 400;\">, Detroit Free Press.<br \/>\n<\/span><\/li>\n<li><span style=\"font-weight: 400;\">6 de marzo de 2026: <\/span><a href=\"https:\/\/fordauthority.com\/2026\/03\/ford-ceo-jim-farley-had-special-2026-ford-explorer-built-for-pope-leo-xiv\/\"><span style=\"font-weight: 400;\">El CEO de Ford, Jim Farley, mand\u00f3 fabricar un Ford Explorer 2026 especial para el papa Le\u00f3n, <\/span><\/a><span style=\"font-weight: 400;\">Ford Authority.<br \/>\n<\/span><\/li>\n<li><span style=\"font-weight: 400;\">6 de marzo de 2026: <\/span><a href=\"https:\/\/www.detroitnews.com\/story\/business\/autos\/ford\/2026\/03\/06\/ford-explorer-pope-leo-xiv-catholic-jim-farley-lia-hybrid-vatican\/89016515007\/\"><span style=\"font-weight: 400;\">Mira el SUV secreto que Ford fabric\u00f3 para el papa Le\u00f3n en su Chicago natal<\/span><\/a><span style=\"font-weight: 400;\">, Detroit News.<br \/>\n<\/span><\/li>\n<li><span style=\"font-weight: 400;\">6 de marzo de 2026: <\/span><a href=\"https:\/\/www.carscoops.com\/2026\/03\/ford-explorer-pope-leo\/\"><span style=\"font-weight: 400;\">Jim Farley resucit\u00f3 un SUV que no puedes tener solo para el Papa<\/span><\/a><span style=\"font-weight: 400;\">, Carscoops.<br \/>\n<\/span><\/li>\n<li><span style=\"font-weight: 400;\">8 de marzo de 2026: <\/span><a href=\"https:\/\/www.newstribune.com\/news\/2026\/mar\/08\/ford-ceo-has-company-make-custom-suv-for-pope-leo\/\"><span style=\"font-weight: 400;\">El CEO de Ford hace que la empresa fabrique un SUV personalizado para el papa Le\u00f3n, <\/span><\/a><span style=\"font-weight: 400;\">News Tribune.<\/span><span style=\"font-weight: 400;\"> <\/span><\/li>\n<\/ul>\n","protected":false},"excerpt":{"rendered":"<p>Un art\u00edculo reciente de la periodista Phoebe Wall Howard ofrece  [&#8230;]<\/p>\n","protected":false},"author":12,"featured_media":3807,"comment_status":"closed","ping_status":"open","sticky":false,"template":"","format":"standard","meta":{"footnotes":""},"categories":[40,41],"tags":[],"class_list":["post-3806","post","type-post","status-publish","format-standard","has-post-thumbnail","hentry","category-en-las-noticias","category-noticias-de-pfc"],"yoast_head":"<!-- This site is optimized with the Yoast SEO plugin v27.5 - https:\/\/yoast.com\/product\/yoast-seo-wordpress\/ -->\n<title>% En las noticias - Pope Francis Center<\/title>\n<meta name=\"description\" content=\"El servicio y el liderazgo conectan comunidades \u2014desde Detroit hasta el Vaticano\u2014 a trav\u00e9s del regalo de un Ford Explorer de Jim Farley al papa Le\u00f3n.\" \/>\n<meta name=\"robots\" content=\"index, follow, max-snippet:-1, max-image-preview:large, max-video-preview:-1\" \/>\n<link rel=\"canonical\" href=\"https:\/\/popefranciscenter.org\/es\/una-historia-compartida-de-servicio-jim-farley-ford-motor-company-y-un-regalo-para-el-papa-leon\/\" \/>\n<meta property=\"og:locale\" content=\"es_ES\" \/>\n<meta property=\"og:type\" content=\"article\" \/>\n<meta property=\"og:title\" content=\"% En las noticias - Pope Francis Center\" \/>\n<meta property=\"og:description\" content=\"El servicio y el liderazgo conectan comunidades \u2014desde Detroit hasta el Vaticano\u2014 a trav\u00e9s del regalo de un Ford Explorer de Jim Farley al papa Le\u00f3n.\" \/>\n<meta property=\"og:url\" content=\"https:\/\/popefranciscenter.org\/es\/una-historia-compartida-de-servicio-jim-farley-ford-motor-company-y-un-regalo-para-el-papa-leon\/\" \/>\n<meta property=\"og:site_name\" content=\"Pope Francis Center\" \/>\n<meta property=\"article:publisher\" content=\"https:\/\/www.facebook.com\/popefranciscenter\" \/>\n<meta property=\"article:published_time\" content=\"2026-03-11T15:10:54+00:00\" \/>\n<meta property=\"og:image\" content=\"https:\/\/popefranciscenter.org\/wp-content\/uploads\/2026\/03\/IMG_8678-Large.webp\" \/>\n\t<meta property=\"og:image:width\" content=\"1080\" \/>\n\t<meta property=\"og:image:height\" content=\"1080\" \/>\n\t<meta property=\"og:image:type\" content=\"image\/webp\" \/>\n<meta name=\"author\" content=\"Adrienne Polumbo\" \/>\n<meta name=\"twitter:card\" content=\"summary_large_image\" \/>\n<meta name=\"twitter:label1\" content=\"Written by\" \/>\n\t<meta name=\"twitter:data1\" content=\"Adrienne Polumbo\" \/>\n\t<meta name=\"twitter:label2\" content=\"Est. reading time\" \/>\n\t<meta name=\"twitter:data2\" content=\"2 minutos\" \/>\n<script type=\"application\/ld+json\" class=\"yoast-schema-graph\">{\"@context\":\"https:\\\/\\\/schema.org\",\"@graph\":[{\"@type\":\"Article\",\"@id\":\"https:\\\/\\\/popefranciscenter.org\\\/es\\\/una-historia-compartida-de-servicio-jim-farley-ford-motor-company-y-un-regalo-para-el-papa-leon\\\/#article\",\"isPartOf\":{\"@id\":\"https:\\\/\\\/popefranciscenter.org\\\/es\\\/una-historia-compartida-de-servicio-jim-farley-ford-motor-company-y-un-regalo-para-el-papa-leon\\\/\"},\"author\":{\"name\":\"Adrienne Polumbo\",\"@id\":\"https:\\\/\\\/popefranciscenter.org\\\/es\\\/#\\\/schema\\\/person\\\/cb65f27d2b628f6499513a7b11d2135e\"},\"headline\":\"Una historia compartida de servicio: Jim Farley, Ford Motor Company y un regalo para el papa Le\u00f3n\",\"datePublished\":\"2026-03-11T15:10:54+00:00\",\"mainEntityOfPage\":{\"@id\":\"https:\\\/\\\/popefranciscenter.org\\\/es\\\/una-historia-compartida-de-servicio-jim-farley-ford-motor-company-y-un-regalo-para-el-papa-leon\\\/\"},\"wordCount\":437,\"publisher\":{\"@id\":\"https:\\\/\\\/popefranciscenter.org\\\/es\\\/#organization\"},\"image\":{\"@id\":\"https:\\\/\\\/popefranciscenter.org\\\/es\\\/una-historia-compartida-de-servicio-jim-farley-ford-motor-company-y-un-regalo-para-el-papa-leon\\\/#primaryimage\"},\"thumbnailUrl\":\"https:\\\/\\\/popefranciscenter.org\\\/wp-content\\\/uploads\\\/2026\\\/03\\\/IMG_8678-Large.webp\",\"articleSection\":[\"En las noticias\",\"Noticias de PFC\"],\"inLanguage\":\"es\"},{\"@type\":\"WebPage\",\"@id\":\"https:\\\/\\\/popefranciscenter.org\\\/es\\\/una-historia-compartida-de-servicio-jim-farley-ford-motor-company-y-un-regalo-para-el-papa-leon\\\/\",\"url\":\"https:\\\/\\\/popefranciscenter.org\\\/es\\\/una-historia-compartida-de-servicio-jim-farley-ford-motor-company-y-un-regalo-para-el-papa-leon\\\/\",\"name\":\"% En las noticias - Pope Francis Center\",\"isPartOf\":{\"@id\":\"https:\\\/\\\/popefranciscenter.org\\\/es\\\/#website\"},\"primaryImageOfPage\":{\"@id\":\"https:\\\/\\\/popefranciscenter.org\\\/es\\\/una-historia-compartida-de-servicio-jim-farley-ford-motor-company-y-un-regalo-para-el-papa-leon\\\/#primaryimage\"},\"image\":{\"@id\":\"https:\\\/\\\/popefranciscenter.org\\\/es\\\/una-historia-compartida-de-servicio-jim-farley-ford-motor-company-y-un-regalo-para-el-papa-leon\\\/#primaryimage\"},\"thumbnailUrl\":\"https:\\\/\\\/popefranciscenter.org\\\/wp-content\\\/uploads\\\/2026\\\/03\\\/IMG_8678-Large.webp\",\"datePublished\":\"2026-03-11T15:10:54+00:00\",\"description\":\"El servicio y el liderazgo conectan comunidades \u2014desde Detroit hasta el Vaticano\u2014 a trav\u00e9s del regalo de un Ford Explorer de Jim Farley al papa Le\u00f3n.\",\"breadcrumb\":{\"@id\":\"https:\\\/\\\/popefranciscenter.org\\\/es\\\/una-historia-compartida-de-servicio-jim-farley-ford-motor-company-y-un-regalo-para-el-papa-leon\\\/#breadcrumb\"},\"inLanguage\":\"es\",\"potentialAction\":[{\"@type\":\"ReadAction\",\"target\":[\"https:\\\/\\\/popefranciscenter.org\\\/es\\\/una-historia-compartida-de-servicio-jim-farley-ford-motor-company-y-un-regalo-para-el-papa-leon\\\/\"]}]},{\"@type\":\"ImageObject\",\"inLanguage\":\"es\",\"@id\":\"https:\\\/\\\/popefranciscenter.org\\\/es\\\/una-historia-compartida-de-servicio-jim-farley-ford-motor-company-y-un-regalo-para-el-papa-leon\\\/#primaryimage\",\"url\":\"https:\\\/\\\/popefranciscenter.org\\\/wp-content\\\/uploads\\\/2026\\\/03\\\/IMG_8678-Large.webp\",\"contentUrl\":\"https:\\\/\\\/popefranciscenter.org\\\/wp-content\\\/uploads\\\/2026\\\/03\\\/IMG_8678-Large.webp\",\"width\":1080,\"height\":1080},{\"@type\":\"BreadcrumbList\",\"@id\":\"https:\\\/\\\/popefranciscenter.org\\\/es\\\/una-historia-compartida-de-servicio-jim-farley-ford-motor-company-y-un-regalo-para-el-papa-leon\\\/#breadcrumb\",\"itemListElement\":[{\"@type\":\"ListItem\",\"position\":1,\"name\":\"Home\",\"item\":\"https:\\\/\\\/popefranciscenter.org\\\/es\\\/\"},{\"@type\":\"ListItem\",\"position\":2,\"name\":\"Una historia compartida de servicio: Jim Farley, Ford Motor Company y un regalo para el papa Le\u00f3n\"}]},{\"@type\":\"WebSite\",\"@id\":\"https:\\\/\\\/popefranciscenter.org\\\/es\\\/#website\",\"url\":\"https:\\\/\\\/popefranciscenter.org\\\/es\\\/\",\"name\":\"Pope Francis Center\",\"description\":\"Feeding. Serving. Empowering.\",\"publisher\":{\"@id\":\"https:\\\/\\\/popefranciscenter.org\\\/es\\\/#organization\"},\"potentialAction\":[{\"@type\":\"SearchAction\",\"target\":{\"@type\":\"EntryPoint\",\"urlTemplate\":\"https:\\\/\\\/popefranciscenter.org\\\/es\\\/?s={search_term_string}\"},\"query-input\":{\"@type\":\"PropertyValueSpecification\",\"valueRequired\":true,\"valueName\":\"search_term_string\"}}],\"inLanguage\":\"es\"},{\"@type\":\"Organization\",\"@id\":\"https:\\\/\\\/popefranciscenter.org\\\/es\\\/#organization\",\"name\":\"Centro Papa Francisco\",\"url\":\"https:\\\/\\\/popefranciscenter.org\\\/es\\\/\",\"logo\":{\"@type\":\"ImageObject\",\"inLanguage\":\"es\",\"@id\":\"https:\\\/\\\/popefranciscenter.org\\\/es\\\/#\\\/schema\\\/logo\\\/image\\\/\",\"url\":\"https:\\\/\\\/popefranciscenter.org\\\/wp-content\\\/uploads\\\/2025\\\/02\\\/PFC-Logo-Color.png\",\"contentUrl\":\"https:\\\/\\\/popefranciscenter.org\\\/wp-content\\\/uploads\\\/2025\\\/02\\\/PFC-Logo-Color.png\",\"width\":600,\"height\":378,\"caption\":\"Centro Papa Francisco\"},\"image\":{\"@id\":\"https:\\\/\\\/popefranciscenter.org\\\/es\\\/#\\\/schema\\\/logo\\\/image\\\/\"},\"sameAs\":[\"https:\\\/\\\/www.facebook.com\\\/popefranciscenter\",\"https:\\\/\\\/www.instagram.com\\\/popefranciscenter\\\/\",\"https:\\\/\\\/www.youtube.com\\\/@popefranciscenter\\\/\",\"https:\\\/\\\/www.linkedin.com\\\/company\\\/pope-francis-center\\\/\"]},{\"@type\":\"Person\",\"@id\":\"https:\\\/\\\/popefranciscenter.org\\\/es\\\/#\\\/schema\\\/person\\\/cb65f27d2b628f6499513a7b11d2135e\",\"name\":\"Adrienne Polumbo\",\"url\":\"https:\\\/\\\/popefranciscenter.org\\\/es\\\/author\\\/apolumbo\\\/\"}]}<\/script>\n<!-- \/ Yoast SEO plugin. -->","yoast_head_json":{"title":"% En las noticias - Pope Francis Center","description":"El servicio y el liderazgo conectan comunidades \u2014desde Detroit hasta el Vaticano\u2014 a trav\u00e9s del regalo de un Ford Explorer de Jim Farley al papa Le\u00f3n.","robots":{"index":"index","follow":"follow","max-snippet":"max-snippet:-1","max-image-preview":"max-image-preview:large","max-video-preview":"max-video-preview:-1"},"canonical":"https:\/\/popefranciscenter.org\/es\/una-historia-compartida-de-servicio-jim-farley-ford-motor-company-y-un-regalo-para-el-papa-leon\/","og_locale":"es_ES","og_type":"article","og_title":"% En las noticias - Pope Francis Center","og_description":"El servicio y el liderazgo conectan comunidades \u2014desde Detroit hasta el Vaticano\u2014 a trav\u00e9s del regalo de un Ford Explorer de Jim Farley al papa Le\u00f3n.","og_url":"https:\/\/popefranciscenter.org\/es\/una-historia-compartida-de-servicio-jim-farley-ford-motor-company-y-un-regalo-para-el-papa-leon\/","og_site_name":"Pope Francis Center","article_publisher":"https:\/\/www.facebook.com\/popefranciscenter","article_published_time":"2026-03-11T15:10:54+00:00","og_image":[{"width":1080,"height":1080,"url":"https:\/\/popefranciscenter.org\/wp-content\/uploads\/2026\/03\/IMG_8678-Large.webp","type":"image\/webp"}],"author":"Adrienne Polumbo","twitter_card":"summary_large_image","twitter_misc":{"Written by":"Adrienne Polumbo","Est. reading time":"2 minutos"},"schema":{"@context":"https:\/\/schema.org","@graph":[{"@type":"Article","@id":"https:\/\/popefranciscenter.org\/es\/una-historia-compartida-de-servicio-jim-farley-ford-motor-company-y-un-regalo-para-el-papa-leon\/#article","isPartOf":{"@id":"https:\/\/popefranciscenter.org\/es\/una-historia-compartida-de-servicio-jim-farley-ford-motor-company-y-un-regalo-para-el-papa-leon\/"},"author":{"name":"Adrienne Polumbo","@id":"https:\/\/popefranciscenter.org\/es\/#\/schema\/person\/cb65f27d2b628f6499513a7b11d2135e"},"headline":"Una historia compartida de servicio: Jim Farley, Ford Motor Company y un regalo para el papa Le\u00f3n","datePublished":"2026-03-11T15:10:54+00:00","mainEntityOfPage":{"@id":"https:\/\/popefranciscenter.org\/es\/una-historia-compartida-de-servicio-jim-farley-ford-motor-company-y-un-regalo-para-el-papa-leon\/"},"wordCount":437,"publisher":{"@id":"https:\/\/popefranciscenter.org\/es\/#organization"},"image":{"@id":"https:\/\/popefranciscenter.org\/es\/una-historia-compartida-de-servicio-jim-farley-ford-motor-company-y-un-regalo-para-el-papa-leon\/#primaryimage"},"thumbnailUrl":"https:\/\/popefranciscenter.org\/wp-content\/uploads\/2026\/03\/IMG_8678-Large.webp","articleSection":["En las noticias","Noticias de PFC"],"inLanguage":"es"},{"@type":"WebPage","@id":"https:\/\/popefranciscenter.org\/es\/una-historia-compartida-de-servicio-jim-farley-ford-motor-company-y-un-regalo-para-el-papa-leon\/","url":"https:\/\/popefranciscenter.org\/es\/una-historia-compartida-de-servicio-jim-farley-ford-motor-company-y-un-regalo-para-el-papa-leon\/","name":"% En las noticias - Pope Francis Center","isPartOf":{"@id":"https:\/\/popefranciscenter.org\/es\/#website"},"primaryImageOfPage":{"@id":"https:\/\/popefranciscenter.org\/es\/una-historia-compartida-de-servicio-jim-farley-ford-motor-company-y-un-regalo-para-el-papa-leon\/#primaryimage"},"image":{"@id":"https:\/\/popefranciscenter.org\/es\/una-historia-compartida-de-servicio-jim-farley-ford-motor-company-y-un-regalo-para-el-papa-leon\/#primaryimage"},"thumbnailUrl":"https:\/\/popefranciscenter.org\/wp-content\/uploads\/2026\/03\/IMG_8678-Large.webp","datePublished":"2026-03-11T15:10:54+00:00","description":"El servicio y el liderazgo conectan comunidades \u2014desde Detroit hasta el Vaticano\u2014 a trav\u00e9s del regalo de un Ford Explorer de Jim Farley al papa Le\u00f3n.","breadcrumb":{"@id":"https:\/\/popefranciscenter.org\/es\/una-historia-compartida-de-servicio-jim-farley-ford-motor-company-y-un-regalo-para-el-papa-leon\/#breadcrumb"},"inLanguage":"es","potentialAction":[{"@type":"ReadAction","target":["https:\/\/popefranciscenter.org\/es\/una-historia-compartida-de-servicio-jim-farley-ford-motor-company-y-un-regalo-para-el-papa-leon\/"]}]},{"@type":"ImageObject","inLanguage":"es","@id":"https:\/\/popefranciscenter.org\/es\/una-historia-compartida-de-servicio-jim-farley-ford-motor-company-y-un-regalo-para-el-papa-leon\/#primaryimage","url":"https:\/\/popefranciscenter.org\/wp-content\/uploads\/2026\/03\/IMG_8678-Large.webp","contentUrl":"https:\/\/popefranciscenter.org\/wp-content\/uploads\/2026\/03\/IMG_8678-Large.webp","width":1080,"height":1080},{"@type":"BreadcrumbList","@id":"https:\/\/popefranciscenter.org\/es\/una-historia-compartida-de-servicio-jim-farley-ford-motor-company-y-un-regalo-para-el-papa-leon\/#breadcrumb","itemListElement":[{"@type":"ListItem","position":1,"name":"Home","item":"https:\/\/popefranciscenter.org\/es\/"},{"@type":"ListItem","position":2,"name":"Una historia compartida de servicio: Jim Farley, Ford Motor Company y un regalo para el papa Le\u00f3n"}]},{"@type":"WebSite","@id":"https:\/\/popefranciscenter.org\/es\/#website","url":"https:\/\/popefranciscenter.org\/es\/","name":"Pope Francis Center","description":"Feeding. Serving. Empowering.","publisher":{"@id":"https:\/\/popefranciscenter.org\/es\/#organization"},"potentialAction":[{"@type":"SearchAction","target":{"@type":"EntryPoint","urlTemplate":"https:\/\/popefranciscenter.org\/es\/?s={search_term_string}"},"query-input":{"@type":"PropertyValueSpecification","valueRequired":true,"valueName":"search_term_string"}}],"inLanguage":"es"},{"@type":"Organization","@id":"https:\/\/popefranciscenter.org\/es\/#organization","name":"Centro Papa Francisco","url":"https:\/\/popefranciscenter.org\/es\/","logo":{"@type":"ImageObject","inLanguage":"es","@id":"https:\/\/popefranciscenter.org\/es\/#\/schema\/logo\/image\/","url":"https:\/\/popefranciscenter.org\/wp-content\/uploads\/2025\/02\/PFC-Logo-Color.png","contentUrl":"https:\/\/popefranciscenter.org\/wp-content\/uploads\/2025\/02\/PFC-Logo-Color.png","width":600,"height":378,"caption":"Centro Papa Francisco"},"image":{"@id":"https:\/\/popefranciscenter.org\/es\/#\/schema\/logo\/image\/"},"sameAs":["https:\/\/www.facebook.com\/popefranciscenter","https:\/\/www.instagram.com\/popefranciscenter\/","https:\/\/www.youtube.com\/@popefranciscenter\/","https:\/\/www.linkedin.com\/company\/pope-francis-center\/"]},{"@type":"Person","@id":"https:\/\/popefranciscenter.org\/es\/#\/schema\/person\/cb65f27d2b628f6499513a7b11d2135e","name":"Adrienne Polumbo","url":"https:\/\/popefranciscenter.org\/es\/author\/apolumbo\/"}]}},"_links":{"self":[{"href":"https:\/\/popefranciscenter.org\/es\/wp-json\/wp\/v2\/posts\/3806","targetHints":{"allow":["GET"]}}],"collection":[{"href":"https:\/\/popefranciscenter.org\/es\/wp-json\/wp\/v2\/posts"}],"about":[{"href":"https:\/\/popefranciscenter.org\/es\/wp-json\/wp\/v2\/types\/post"}],"author":[{"embeddable":true,"href":"https:\/\/popefranciscenter.org\/es\/wp-json\/wp\/v2\/users\/12"}],"replies":[{"embeddable":true,"href":"https:\/\/popefranciscenter.org\/es\/wp-json\/wp\/v2\/comments?post=3806"}],"version-history":[{"count":0,"href":"https:\/\/popefranciscenter.org\/es\/wp-json\/wp\/v2\/posts\/3806\/revisions"}],"wp:featuredmedia":[{"embeddable":true,"href":"https:\/\/popefranciscenter.org\/es\/wp-json\/wp\/v2\/media\/3807"}],"wp:attachment":[{"href":"https:\/\/popefranciscenter.org\/es\/wp-json\/wp\/v2\/media?parent=3806"}],"wp:term":[{"taxonomy":"category","embeddable":true,"href":"https:\/\/popefranciscenter.org\/es\/wp-json\/wp\/v2\/categories?post=3806"},{"taxonomy":"post_tag","embeddable":true,"href":"https:\/\/popefranciscenter.org\/es\/wp-json\/wp\/v2\/tags?post=3806"}],"curies":[{"name":"wp","href":"https:\/\/api.w.org\/{rel}","templated":true}]}}